{"id":25841,"global_id":"mediocudeyo.es\/web?id=25841","global_id_lineage":["mediocudeyo.es\/web?id=25841"],"author":"4","status":"publish","date":"2026-01-27 20:44:03","date_utc":"2026-01-27 18:44:03","modified":"2026-01-27 20:44:03","modified_utc":"2026-01-27 18:44:03","url":"https:\/\/mediocudeyo.es\/web\/evento\/conferencia-taller\/","rest_url":"https:\/\/mediocudeyo.es\/web\/wp-json\/tribe\/events\/v1\/events\/25841","title":"CONFERENCIA TALLER","description":"<p>\u00abEl etiquetado de los alimentos: una experiencia pr\u00e1ctica y su importancia para la salud\u00bb, con Jos\u00e9 Antonio Otero Hermida.<\/p>\n<p>Organizado por la Asociaci\u00f3n AMASOL.<\/p>\n<p>Centro Cultural Ram\u00f3n Pelayo.<\/p>\n<p>Entrada gratuita hasta completar aforo.<\/p>","excerpt":"","slug":"conferencia-taller","image":false,"all_day":false,"start_date":"2026-02-18 19:00:00","start_date_details":{"year":"2026","month":"02","day":"18","hour":"19","minutes":"00","seconds":"00"},"end_date":"2026-02-18 20:30:00","end_date_details":{"year":"2026","month":"02","day":"18","hour":"20","minutes":"30","seconds":"00"},"utc_start_date":"2026-02-18 17:00:00","utc_start_date_details":{"year":"2026","month":"02","day":"18","hour":"17","minutes":"00","seconds":"00"},"utc_end_date":"2026-02-18 18:30:00","utc_end_date_details":{"year":"2026","month":"02","day":"18","hour":"18","minutes":"30","seconds":"00"},"timezone":"UTC+2","timezone_abbr":"UTC+2","cost":"","cost_details":{"currency_symbol":"\u20ac","currency_code":"EUR","currency_position":"suffix","values":[]},"website":"","show_map":true,"show_map_link":true,"hide_from_listings":false,"sticky":false,"featured":false,"categories":[],"tags":[{"name":"centro cultural","slug":"centro-cultural","term_group":0,"term_taxonomy_id":104,"taxonomy":"post_tag","description":"","parent":0,"count":238,"filter":"raw","id":104,"urls":{"self":"https:\/\/mediocudeyo.es\/web\/wp-json\/tribe\/events\/v1\/tags\/104","collection":"https:\/\/mediocudeyo.es\/web\/wp-json\/tribe\/events\/v1\/tags"}},{"name":"conferencias","slug":"conferencias","term_group":0,"term_taxonomy_id":555,"taxonomy":"post_tag","description":"","parent":0,"count":6,"filter":"raw","id":555,"urls":{"self":"https:\/\/mediocudeyo.es\/web\/wp-json\/tribe\/events\/v1\/tags\/555","collection":"https:\/\/mediocudeyo.es\/web\/wp-json\/tribe\/events\/v1\/tags"}},{"name":"salud","slug":"salud","term_group":0,"term_taxonomy_id":158,"taxonomy":"post_tag","description":"","parent":0,"count":10,"filter":"raw","id":158,"urls":{"self":"https:\/\/mediocudeyo.es\/web\/wp-json\/tribe\/events\/v1\/tags\/158","collection":"https:\/\/mediocudeyo.es\/web\/wp-json\/tribe\/events\/v1\/tags"}}],"venue":[],"organizer":[],"custom_fields":[],"json_ld":{"@context":"http:\/\/schema.org","@type":"Event","name":"CONFERENCIA TALLER","description":"&lt;p&gt;&quot;El etiquetado de los alimentos: una experiencia pr\u00e1ctica y su importancia para la salud&quot;, con Jos\u00e9 Antonio Otero Hermida. Organizado por la Asociaci\u00f3n AMASOL. Centro Cultural Ram\u00f3n Pelayo. Entrada gratuita [&hellip;]&lt;\/p&gt;\\n","url":"https:\/\/mediocudeyo.es\/web\/evento\/conferencia-taller\/","eventAttendanceMode":"https:\/\/schema.org\/OfflineEventAttendanceMode","eventStatus":"https:\/\/schema.org\/EventScheduled","startDate":"2026-02-18T19:00:00+02:00","endDate":"2026-02-18T20:30:00+02:00","performer":"Organization"}}