{"id":10079,"date":"2021-06-22T12:46:44","date_gmt":"2021-06-22T11:46:44","guid":{"rendered":"http:\/\/mediocudeyo.es\/web\/?p=10079"},"modified":"2021-06-22T12:46:44","modified_gmt":"2021-06-22T11:46:44","slug":"admitids-en-el-programa-de-conciliacion-verano-2021","status":"publish","type":"post","link":"https:\/\/mediocudeyo.es\/web\/admitids-en-el-programa-de-conciliacion-verano-2021\/","title":{"rendered":"Admitid@s en el Programa de Conciliaci\u00f3n Verano 2021"},"content":{"rendered":"\n<p>Disponibles los listados de admitid@s en el Programa de conciliaci\u00f3n Verano\n2021.<\/p>\n\n\n\n<p>Los inscritos aparecen reflejados con el n\u00famero de &nbsp;Documento de\nIdentidad del padre\/madre\/tutor\/tutora que pusieron en la inscripci\u00f3n.<\/p>\n\n\n\n<p>Se ha realizado un sorteo para poder ampliar en 5 plazas extraordinarias (en total, no por quincena) el n\u00famero de inscritos, para ni\u00f1@s no empadronados. El sorteo se puede ver en el Facebook de Medio cudeyo Cultural pinchando <strong><a href=\"https:\/\/fb.watch\/6hxMyFK8S9\/\">aqu\u00ed  <\/a><\/strong>a continuaci\u00f3n, siendo elegida la letra \u201cV\u201d del primer apellido para comenzar con la adjudicaci\u00f3n de plazas extraordinarias.<\/p>\n\n\n\n<p>Adem\u00e1s, se ha realizado una lista de espera, siguiendo ese mismo criterio y\norden, por si alg\u00fan@ de l@s inscrit@s no realizara el&nbsp; pago en el plazo estipulado, ocupar su\nvacante.<\/p>\n\n\n\n<p><strong><a href=\"http:\/\/mediocudeyo.es\/web\/wp-content\/uploads\/2021\/06\/SOLARES_VALDECILLA_ADMITIDOS-PROGRAMA-CONCILIACI\u00d3N-VERANO-2021-PDF.pdf\">Pincha aqu\u00ed para consultar la lista de admitid@s en la sede de SOLARES-VALDECILLA<\/a><\/strong><\/p>\n\n\n\n<p><strong><a href=\"http:\/\/mediocudeyo.es\/web\/wp-content\/uploads\/2021\/06\/HERAS_ADMITIDOS-PROGRAMA-CONCILIACI\u00d3N-VERANO-2021-PDF.pdf\">Pincha aqu\u00ed para consultar la lista de admitid@s en la sede de HERAS<\/a><\/strong><\/p>\n\n\n\n<p>Si su hij@ o hij@s est\u00e1n admitidos debe <strong>proceder al pago para\nformalizar la inscripci\u00f3n<\/strong>.<\/p>\n\n\n\n<p>Recordamos las cuant\u00edas seg\u00fan el horario que hayan puesto en la solicitud:<\/p>\n\n\n\n<p>Horarios:<\/p>\n\n\n\n<p><em>Opci\u00f3n 1: de 8.00 a 14.00<\/em><\/p>\n\n\n\n<p><em>Opci\u00f3n 2: de 8.00 a 13.00<\/em><\/p>\n\n\n\n<p><em>Opci\u00f3n 3: de 9.00 a 14.00<\/em><\/p>\n\n\n\n<p><strong>Precios Por quincena<\/strong>:<\/p>\n\n\n\n<p><strong>Opci\u00f3n 1<\/strong>: 30 euros empadronados\n35 no empadronados<\/p>\n\n\n\n<p>&nbsp;<strong>Opci\u00f3n\n2 y 3<\/strong>: 20 euros empadronados 25 no empadronados<\/p>\n\n\n\n<p><strong>El plazo para el pago de la\ninscripci\u00f3n es desde el mi\u00e9rcoles 23 de junio &nbsp;hasta el viernes 25 de junio<\/strong>.<\/p>\n\n\n\n<p><strong>Para la formalizaci\u00f3n de la matr\u00edcula, debe presentar el\n&nbsp;Resguardo de pago al contado &nbsp;(Concepto: Nombre del ni\u00f1o\/a + CONCILIACI\u00d3N)<\/strong>\nque se deber\u00e1 pagar en el siguiente n\u00famero de cuenta de Liberbank: ES12 2048\n2070 7134 0001 2774.<\/p>\n\n\n\n<p>Todos los tr\u00e1mites se realizar\u00e1n en el <strong>Punto de Informaci\u00f3n\nMunicipal<\/strong> de forma presencial, o a trav\u00e9s del&nbsp; <em>tel\u00e9fono\n942522685 o en el correo centrocultural@mediocudeyo.es<\/em><\/p>\n\n\n\n<p>La no presentaci\u00f3n de toda la documentaci\u00f3n en tiempo y forma se entender\u00e1\ncomo la renuncia a la plaza adjudicada.<\/p>\n","protected":false},"excerpt":{"rendered":"<p>Disponibles los listados de admitid@s en el Programa de conciliaci\u00f3n Verano 2021. Los inscritos aparecen reflejados con el n\u00famero de &nbsp;Documento de Identidad del padre\/madre\/tutor\/tutora que pusieron en la inscripci\u00f3n. [&hellip;]<\/p>\n","protected":false},"author":4,"featured_media":10080,"comment_status":"closed","ping_status":"closed","sticky":false,"template":"","format":"standard","meta":{"footnotes":""},"categories":[59,48],"tags":[463,109,407,465],"class_list":["post-10079","post","type-post","status-publish","format-standard","has-post-thumbnail","hentry","category-cultura","category-infantil","tag-campus","tag-conciliacion","tag-infancia","tag-verano"],"_links":{"self":[{"href":"https:\/\/mediocudeyo.es\/web\/wp-json\/wp\/v2\/posts\/10079"}],"collection":[{"href":"https:\/\/mediocudeyo.es\/web\/wp-json\/wp\/v2\/posts"}],"about":[{"href":"https:\/\/mediocudeyo.es\/web\/wp-json\/wp\/v2\/types\/post"}],"author":[{"embeddable":true,"href":"https:\/\/mediocudeyo.es\/web\/wp-json\/wp\/v2\/users\/4"}],"replies":[{"embeddable":true,"href":"https:\/\/mediocudeyo.es\/web\/wp-json\/wp\/v2\/comments?post=10079"}],"version-history":[{"count":0,"href":"https:\/\/mediocudeyo.es\/web\/wp-json\/wp\/v2\/posts\/10079\/revisions"}],"wp:featuredmedia":[{"embeddable":true,"href":"https:\/\/mediocudeyo.es\/web\/wp-json\/"}],"wp:attachment":[{"href":"https:\/\/mediocudeyo.es\/web\/wp-json\/wp\/v2\/media?parent=10079"}],"wp:term":[{"taxonomy":"category","embeddable":true,"href":"https:\/\/mediocudeyo.es\/web\/wp-json\/wp\/v2\/categories?post=10079"},{"taxonomy":"post_tag","embeddable":true,"href":"https:\/\/mediocudeyo.es\/web\/wp-json\/wp\/v2\/tags?post=10079"}],"curies":[{"name":"wp","href":"https:\/\/api.w.org\/{rel}","templated":true}]}}