{"id":10206,"date":"2021-07-19T11:33:37","date_gmt":"2021-07-19T10:33:37","guid":{"rendered":"http:\/\/mediocudeyo.es\/web\/?p=10206"},"modified":"2021-07-19T11:33:37","modified_gmt":"2021-07-19T10:33:37","slug":"ellas-son-artisticas-festival-de-arte-en-femenino","status":"publish","type":"post","link":"https:\/\/mediocudeyo.es\/web\/ellas-son-artisticas-festival-de-arte-en-femenino\/","title":{"rendered":"ELLAS SON \u2018ART\u00cdSTICAS\u2019 FESTIVAL DE ARTE EN FEMENINO"},"content":{"rendered":"\n<figure class=\"wp-block-image\"><img decoding=\"async\" src=\"http:\/\/mediocudeyo.es\/web\/wp-content\/uploads\/2021\/07\/ART\u00cdSTICAS.-Cartel-jpg-min-704x1024.jpg\" alt=\"\" class=\"wp-image-10207\"\/><figcaption>Cartel 2021<\/figcaption><\/figure>\n\n\n\n<p>Cuando desde las <strong>concejal\u00edas de Igualdad y Cultura<\/strong> del <strong>ayuntamiento de Medio Cudeyo\u00a0<\/strong> se plantea crear un festival\u00a0 de arte en femenino, lo primero que se piensa es en dar visibilidad a las mujeres creadoras\u00a0 y concienciar a la ciudadan\u00eda en la igualdad de g\u00e9nero\u00a0 y,\u00a0 todo ello, a trav\u00e9s de las artes. De esto ya han pasado cinco a\u00f1os.<\/p>\n\n\n\n<p>En este 2021 y dejando atr\u00e1s el par\u00f3n del a\u00f1o pasado, retomamos\nla nueva normalidad con ilusi\u00f3n para ofreceros &nbsp;un evento seguro.<\/p>\n\n\n\n<p>El d\u00eda <strong>30 de julio a las 21:00h<\/strong> abrir\u00e1 el festival la voz femenina del Roots Reggae Nacional <strong>In\u00e9s Pardo<\/strong> con su proyecto Meet Asimov, presentando su \u00faltimo trabajo \u2018One Sister\u2019 \u00a0que ha sido grabado por Roberto S\u00e1nchez en los estudios A-Lone Ark Muzik de Cueto, Santander. <\/p>\n\n\n\n<figure class=\"wp-block-embed-youtube wp-block-embed is-type-video is-provider-youtube wp-embed-aspect-16-9 wp-has-aspect-ratio\"><div class=\"wp-block-embed__wrapper\">\n<iframe title=\"In\u00e9s Pardo - Full Sky Session\" width=\"500\" height=\"281\" src=\"https:\/\/www.youtube.com\/embed\/UlejTAFR_ko?feature=oembed\" frameborder=\"0\" allow=\"accelerometer; autoplay; clipboard-write; encrypted-media; gyroscope; picture-in-picture; web-share\" referrerpolicy=\"strict-origin-when-cross-origin\" allowfullscreen><\/iframe>\n<\/div><figcaption>In\u00e9s Pardo en Full Sky Session<\/figcaption><\/figure>\n\n\n\n<p>Al d\u00eda siguiente, el <strong>31 de julio a las 21h<\/strong>, viviremos \u00a0una explosi\u00f3n de emociones bajo el proyecto m\u00fasico-po\u00e9tico <strong>Mujeres Cantan a Mujeres<\/strong> liderado por \u00a0<strong>Gema Mart\u00ednez <\/strong>(La Mala Hierba y The Spanish Peasant), <strong>Carmen Bartolom\u00e9 <\/strong>(Menhai) y <strong>Zhenya Popova<\/strong> (Cheb\u00fa). Estar\u00e1n acompa\u00f1adas \u00a0por los m\u00fasicos Nah\u00fam Cobo del Barrio (teclado) y Nicol\u00e1s Rodr\u00edguez (guitarra)<\/p>\n\n\n\n<figure class=\"wp-block-embed-youtube wp-block-embed is-type-video is-provider-youtube wp-embed-aspect-16-9 wp-has-aspect-ratio\"><div class=\"wp-block-embed__wrapper\">\n<iframe title=\"Notas al Margen desde Cantabria: Mujeres que Cantan a Mujeres\" width=\"500\" height=\"281\" src=\"https:\/\/www.youtube.com\/embed\/Jg0AxNsYxAQ?feature=oembed\" frameborder=\"0\" allow=\"accelerometer; autoplay; clipboard-write; encrypted-media; gyroscope; picture-in-picture; web-share\" referrerpolicy=\"strict-origin-when-cross-origin\" allowfullscreen><\/iframe>\n<\/div><figcaption>Mujeres Cantan a Mujeres en Notas al Margen de La Vor\u00e1gine, Cultura Cr\u00edtica.<\/figcaption><\/figure>\n\n\n\n<p>El <strong>1 de agosto a las 21h <\/strong>disfrutaremos de los ritmos mestizos y mensajes transformadores del d\u00fao <strong>T\u00e9 Canela<\/strong>, una propuesta de <strong>Ariadna Rubio y Jano Fern\u00e1ndez<\/strong> junto a los c\u00e1ntabros Natxo Miralles (bater\u00eda y percusiones) y Carlos Gutierrez (bajo) en formato banda. <\/p>\n\n\n\n<figure class=\"wp-block-embed-youtube wp-block-embed is-type-video is-provider-youtube wp-embed-aspect-16-9 wp-has-aspect-ratio\"><div class=\"wp-block-embed__wrapper\">\n<iframe title=\"Te\u0301Canela - Como cabras (The Juergas Rock Festival)\" width=\"500\" height=\"281\" src=\"https:\/\/www.youtube.com\/embed\/mskHiu7_DvI?feature=oembed\" frameborder=\"0\" allow=\"accelerometer; autoplay; clipboard-write; encrypted-media; gyroscope; picture-in-picture; web-share\" referrerpolicy=\"strict-origin-when-cross-origin\" allowfullscreen><\/iframe>\n<\/div><figcaption>T\u00e9 Canela en The Juergas Rock con Sesi\u00f3n de Micros Abiertos, el canal de las cantautoras y cantautores<\/figcaption><\/figure>\n\n\n\n<p>El <strong>p\u00fablico infantil <\/strong>podr\u00e1 conocer la historia de Juana, una ni\u00f1a intr\u00e9pida y valiente que decide vivir una aventura en el bosque. La <strong>compa\u00f1\u00eda \u00c9palu<\/strong> de la mano de Paula S\u00e1nchez, Eva Paula y Javier Mediavilla ser\u00e1n quienes den vida a los t\u00edteres los d\u00edas <strong>30 de julio y 1 de agosto\u00a0 a las 12h <\/strong>en su espect\u00e1culo familiar <strong>\u2018Juana la Valiente\u2019<\/strong><\/p>\n\n\n\n<p><strong>\u2018Art\u00edsticas\u2019 <\/strong>os espera en el espacio natural y cultural m\u00e1s importante de Medio Cudeyo, la<strong> finca del Marqu\u00e9s de Valdecilla.<\/strong> \u00a0<\/p>\n\n\n\n<p><strong>RESERVA TU ENTRADA<\/strong> <em>aforo limitado<\/em><\/p>\n\n\n\n<p>Esta abierto el periodo de inscripciones para acudir al festival.  Del <strong>19 al 25 de julio para vecinos y vecinas de Medio Cudeyo <\/strong>(acreditando con foto de DNI). A partir del 26 para todos los p\u00fablico.<\/p>\n\n\n\n<p>La formalizaci\u00f3n de la reserva ser\u00e1 a trav\u00e9s del siguiente enlace: <\/p>\n\n\n\n<p><a href=\"https:\/\/artisticas.eventoseguro.es\/\">Festival Art\u00edsticas<\/a><\/p>\n\n\n\n<p><strong> \u00a1No te quedes sin VIVIR ART\u00cdSTICAS!<\/strong><\/p>\n\n\n\n<p> <\/p>\n\n\n\n<p><\/p>\n","protected":false},"excerpt":{"rendered":"<p>Cuando desde las concejal\u00edas de Igualdad y Cultura del ayuntamiento de Medio Cudeyo\u00a0 se plantea crear un festival\u00a0 de arte en femenino, lo primero que se piensa es en dar [&hellip;]<\/p>\n","protected":false},"author":4,"featured_media":10207,"comment_status":"closed","ping_status":"closed","sticky":false,"template":"","format":"standard","meta":{"footnotes":""},"categories":[59,42,49,51,57],"tags":[238,420,160,469],"class_list":["post-10206","post","type-post","status-publish","format-standard","has-post-thumbnail","hentry","category-cultura","category-festejos","category-juventud","category-musica-en-directo","category-turismo","tag-cultura","tag-culturasegura","tag-musica","tag-turismocultural"],"_links":{"self":[{"href":"https:\/\/mediocudeyo.es\/web\/wp-json\/wp\/v2\/posts\/10206"}],"collection":[{"href":"https:\/\/mediocudeyo.es\/web\/wp-json\/wp\/v2\/posts"}],"about":[{"href":"https:\/\/mediocudeyo.es\/web\/wp-json\/wp\/v2\/types\/post"}],"author":[{"embeddable":true,"href":"https:\/\/mediocudeyo.es\/web\/wp-json\/wp\/v2\/users\/4"}],"replies":[{"embeddable":true,"href":"https:\/\/mediocudeyo.es\/web\/wp-json\/wp\/v2\/comments?post=10206"}],"version-history":[{"count":0,"href":"https:\/\/mediocudeyo.es\/web\/wp-json\/wp\/v2\/posts\/10206\/revisions"}],"wp:featuredmedia":[{"embeddable":true,"href":"https:\/\/mediocudeyo.es\/web\/wp-json\/"}],"wp:attachment":[{"href":"https:\/\/mediocudeyo.es\/web\/wp-json\/wp\/v2\/media?parent=10206"}],"wp:term":[{"taxonomy":"category","embeddable":true,"href":"https:\/\/mediocudeyo.es\/web\/wp-json\/wp\/v2\/categories?post=10206"},{"taxonomy":"post_tag","embeddable":true,"href":"https:\/\/mediocudeyo.es\/web\/wp-json\/wp\/v2\/tags?post=10206"}],"curies":[{"name":"wp","href":"https:\/\/api.w.org\/{rel}","templated":true}]}}