{"id":10309,"date":"2021-08-26T12:09:39","date_gmt":"2021-08-26T11:09:39","guid":{"rendered":"http:\/\/mediocudeyo.es\/web\/?p=10309"},"modified":"2021-08-26T12:09:39","modified_gmt":"2021-08-26T11:09:39","slug":"la-cultura-contraataca-unete-a-su-fuerza","status":"publish","type":"post","link":"https:\/\/mediocudeyo.es\/web\/la-cultura-contraataca-unete-a-su-fuerza\/","title":{"rendered":"La Cultura Contraataca \u00a1\u00fanete a su fuerza!"},"content":{"rendered":"\n<p>El pr\u00f3ximo d\u00eda <strong>4 de septiembre a las 20:30 h<\/strong> y el d\u00eda <strong>5 a las 12:30 h <\/strong>tendr\u00e1 lugar en el <strong>Centro Cultural Ram\u00f3n Pelayo<\/strong> dos recitales de m\u00fasica tradicional c\u00e1ntabra a cargo de la <strong>Coral Polif\u00f3nica ASCASAM <\/strong>y el <strong>Grupo de Danzas Sebasti\u00e1n Reinosa.<\/strong><\/p>\n\n\n\n<figure class=\"wp-block-image\"><img decoding=\"async\" src=\"http:\/\/mediocudeyo.es\/web\/wp-content\/uploads\/2021\/08\/La-cultura-contraataca-el-origen.-CARTEL-para-redes-4y5-sept-1024x1024.png\" alt=\"\" class=\"wp-image-10310\"\/><\/figure>\n\n\n\n<p><strong>\u00a1Entrada gratuita! (imprescindible reservar<\/strong>)<\/p>\n\n\n\n<p> <strong>Informaci\u00f3n y reservas en el Centro Cultural Ram\u00f3n Pelayo:<\/strong><\/p>\n\n\n\n<p> centrocultural@mediocudeyo.es<\/p>\n\n\n\n<p> Tel\u00e9fono o Whatsapp: 942 522 685<\/p>\n\n\n\n<p><strong>Para realizar la reserva es necesario aportar <\/strong>los  siguientes datos de tod@s los asistentes: nombre completo, DNI (de los menores si tienen tambi\u00e9n), tel\u00e9fono de contacto y edad de los menores.<\/p>\n\n\n\n<p><strong>Medidas de seguridad:<\/strong><\/p>\n\n\n\n<p>Entrada y salida escalonada.<\/p>\n\n\n\n<p>Aforo reducido preservando la distancia interpersonal.<\/p>\n\n\n\n<p>Uso de mascarilla durante todo el espect\u00e1culo.<\/p>\n\n\n\n<p> Toma de temperatura y uso de gel hidro-alcoh\u00f3lico <\/p>\n","protected":false},"excerpt":{"rendered":"<p>El pr\u00f3ximo d\u00eda 4 de septiembre a las 20:30 h y el d\u00eda 5 a las 12:30 h tendr\u00e1 lugar en el Centro Cultural Ram\u00f3n Pelayo dos recitales de m\u00fasica [&hellip;]<\/p>\n","protected":false},"author":4,"featured_media":0,"comment_status":"closed","ping_status":"closed","sticky":false,"template":"","format":"standard","meta":{"footnotes":""},"categories":[59,42,51,57],"tags":[420,471],"class_list":["post-10309","post","type-post","status-publish","format-standard","hentry","category-cultura","category-festejos","category-musica-en-directo","category-turismo","tag-culturasegura","tag-laculturacontraataca"],"_links":{"self":[{"href":"https:\/\/mediocudeyo.es\/web\/wp-json\/wp\/v2\/posts\/10309"}],"collection":[{"href":"https:\/\/mediocudeyo.es\/web\/wp-json\/wp\/v2\/posts"}],"about":[{"href":"https:\/\/mediocudeyo.es\/web\/wp-json\/wp\/v2\/types\/post"}],"author":[{"embeddable":true,"href":"https:\/\/mediocudeyo.es\/web\/wp-json\/wp\/v2\/users\/4"}],"replies":[{"embeddable":true,"href":"https:\/\/mediocudeyo.es\/web\/wp-json\/wp\/v2\/comments?post=10309"}],"version-history":[{"count":0,"href":"https:\/\/mediocudeyo.es\/web\/wp-json\/wp\/v2\/posts\/10309\/revisions"}],"wp:attachment":[{"href":"https:\/\/mediocudeyo.es\/web\/wp-json\/wp\/v2\/media?parent=10309"}],"wp:term":[{"taxonomy":"category","embeddable":true,"href":"https:\/\/mediocudeyo.es\/web\/wp-json\/wp\/v2\/categories?post=10309"},{"taxonomy":"post_tag","embeddable":true,"href":"https:\/\/mediocudeyo.es\/web\/wp-json\/wp\/v2\/tags?post=10309"}],"curies":[{"name":"wp","href":"https:\/\/api.w.org\/{rel}","templated":true}]}}