{"id":10417,"date":"2021-09-17T10:03:15","date_gmt":"2021-09-17T09:03:15","guid":{"rendered":"http:\/\/mediocudeyo.es\/web\/?p=10417"},"modified":"2021-09-17T10:03:15","modified_gmt":"2021-09-17T09:03:15","slug":"aplazado-el-recital-poetico","status":"publish","type":"post","link":"https:\/\/mediocudeyo.es\/web\/aplazado-el-recital-poetico\/","title":{"rendered":"Aplazado el Recital Po\u00e9tico"},"content":{"rendered":"\n<p>Debido a la previsi\u00f3n meteorol\u00f3gica para este s\u00e1bado, se pospone el Recital Po\u00e9tico previsto en la <a href=\"https:\/\/www.facebook.com\/fincamuseomarquesdevaldecilla\/?__cft__[0]=AZVOq8xbnHC4nP8rBn4QTUVECd2n9a5lEGqsx-myL0gvWMsQZ5nctHLqhz4PtAxOZd6aC4-pv8moALwFhSSkj4yMKKc3OR7jd4mn14Sn5uZY0B4KY2p6FDPu31EXkKaLcASFNNOd4LXaLN1YOd18HGe1VAm3WjSMjGHadFAwwU1oYyIGvGBes8puSi739fOfJq8&amp;__tn__=kK-R\">Finca Museo Marqu\u00e9s de Valdecilla<\/a>.<\/p>\n\n\n\n<p>Podremos disfrutar del evento el pr\u00f3ximo s\u00e1bado 25 de septiembre a las 19 horas.Las reservar realizadas siguen teniendo validez.<\/p>\n\n\n\n<p>Para cualquier consulta y nuevas reservas: 942 52 13 59. <\/p>\n\n\n\n<figure class=\"wp-block-image\"><img decoding=\"async\" src=\"http:\/\/mediocudeyo.es\/web\/wp-content\/uploads\/2021\/09\/InShot_20210917_103411912-1024x1024.jpg\" alt=\"\" class=\"wp-image-10418\"\/><\/figure>\n","protected":false},"excerpt":{"rendered":"<p>Debido a la previsi\u00f3n meteorol\u00f3gica para este s\u00e1bado, se pospone el Recital Po\u00e9tico previsto en la Finca Museo Marqu\u00e9s de Valdecilla. Podremos disfrutar del evento el pr\u00f3ximo s\u00e1bado 25 de [&hellip;]<\/p>\n","protected":false},"author":4,"featured_media":0,"comment_status":"closed","ping_status":"closed","sticky":false,"template":"","format":"standard","meta":{"footnotes":""},"categories":[57],"tags":[428,96,385],"class_list":["post-10417","post","type-post","status-publish","format-standard","hentry","category-turismo","tag-eventos","tag-finca-marques-de-valdecilla","tag-turismo"],"_links":{"self":[{"href":"https:\/\/mediocudeyo.es\/web\/wp-json\/wp\/v2\/posts\/10417"}],"collection":[{"href":"https:\/\/mediocudeyo.es\/web\/wp-json\/wp\/v2\/posts"}],"about":[{"href":"https:\/\/mediocudeyo.es\/web\/wp-json\/wp\/v2\/types\/post"}],"author":[{"embeddable":true,"href":"https:\/\/mediocudeyo.es\/web\/wp-json\/wp\/v2\/users\/4"}],"replies":[{"embeddable":true,"href":"https:\/\/mediocudeyo.es\/web\/wp-json\/wp\/v2\/comments?post=10417"}],"version-history":[{"count":0,"href":"https:\/\/mediocudeyo.es\/web\/wp-json\/wp\/v2\/posts\/10417\/revisions"}],"wp:attachment":[{"href":"https:\/\/mediocudeyo.es\/web\/wp-json\/wp\/v2\/media?parent=10417"}],"wp:term":[{"taxonomy":"category","embeddable":true,"href":"https:\/\/mediocudeyo.es\/web\/wp-json\/wp\/v2\/categories?post=10417"},{"taxonomy":"post_tag","embeddable":true,"href":"https:\/\/mediocudeyo.es\/web\/wp-json\/wp\/v2\/tags?post=10417"}],"curies":[{"name":"wp","href":"https:\/\/api.w.org\/{rel}","templated":true}]}}