{"id":10438,"date":"2021-09-17T15:44:13","date_gmt":"2021-09-17T14:44:13","guid":{"rendered":"http:\/\/mediocudeyo.es\/web\/?p=10438"},"modified":"2021-09-17T15:44:13","modified_gmt":"2021-09-17T14:44:13","slug":"vuelve-animacion-a-la-lectura","status":"publish","type":"post","link":"https:\/\/mediocudeyo.es\/web\/vuelve-animacion-a-la-lectura\/","title":{"rendered":"VUELVE &#8216;ANIMACI\u00d3N A LA LECTURA&#8217;"},"content":{"rendered":"\n<p><strong>\u00a1VUELE ANIMACI\u00d3N A LA LECTURA!<\/strong><\/p>\n\n\n\n<p>El\noto\u00f1o es la estaci\u00f3n perfecta para sentarse junto a la chimenea con una\nmantita, un buen libro y perder la noci\u00f3n del tiempo. &nbsp;Infinitos misterios, aventuras, brumas,\nlluvias, vientos, hojas anaranjadas de los \u00e1rboles y un sinf\u00edn de historias que\nnos quedan por descubrir gracias a la lectura.<\/p>\n\n\n\n<p>Te esperamos en la actividad de <strong>Animaci\u00f3n a la Lectura<\/strong> que tendr\u00e1 lugar el pr\u00f3ximo <strong>viernes 24 de octubre en el Centro Cultural Ram\u00f3n Pelayo <\/strong>en dos horarios:<\/p>\n\n\n\n<ul class=\"wp-block-gallery columns-1 is-cropped wp-block-gallery-1 is-layout-flex wp-block-gallery-is-layout-flex\"><li class=\"blocks-gallery-item\"><figure><img decoding=\"async\" src=\"http:\/\/mediocudeyo.es\/web\/wp-content\/uploads\/2021\/09\/BIBLIOTECA.-Animaci\u00f3n-ala-lectura-CARTEL-JPG-724x1024.jpg\" alt=\"\" data-id=\"10439\" data-link=\"http:\/\/mediocudeyo.es\/web\/?attachment_id=10439\" class=\"wp-image-10439\"\/><\/figure><\/li><\/ul>\n\n\n\n<p><strong>17:30h INFANTIL<\/strong><\/p>\n\n\n\n<p><strong>18:30h PRIMARIA<\/strong><\/p>\n\n\n\n<p>\u2022 <em>S\u00f3lo ni\u00f1@s, sin acompa\u00f1ante en la sala.<\/em><\/p>\n\n\n\n<p><em>\u2022 Aforo muy reducido, 8 personas en cada turno. <\/em><\/p>\n\n\n\n<p><em>\u2022 S\u00f3lo se llamar\u00e1 a los seleccionados.<\/em><\/p>\n\n\n\n<p><em>\u2022 El evento se emitir\u00e1 en directo por Facebook para que tod@ aquel que lo desee pueda disfrutar de la actividad.<\/em><\/p>\n\n\n\n<p><strong>Reserva desde\nel lunes 20 de Septiembre hasta el viernes 24 a las 12:00 para conseguir tu\ninvitaci\u00f3n.<\/strong><\/p>\n\n\n\n<p><strong>\u00bfD\u00f3nde hacer\nla reserva?<\/strong><\/p>\n\n\n\n<p> \u2022 Centro Cultural Ram\u00f3n Pelayo.<br> \u2022 Por correo electr\u00f3nico: centrocultural@mediocudeyo.es<br> \u2022 Por Whatsapp: 942 522 685<\/p>\n\n\n\n<p> <em>\u2022 Medidas de seguridad:<br> \u2022 Uso de mascarilla durante la actividad.<br> \u2022 Uso de gel hidro-alcoh\u00f3lico.<\/em><\/p>\n","protected":false},"excerpt":{"rendered":"<p>\u00a1VUELE ANIMACI\u00d3N A LA LECTURA! El oto\u00f1o es la estaci\u00f3n perfecta para sentarse junto a la chimenea con una mantita, un buen libro y perder la noci\u00f3n del tiempo. &nbsp;Infinitos [&hellip;]<\/p>\n","protected":false},"author":4,"featured_media":0,"comment_status":"closed","ping_status":"closed","sticky":false,"template":"","format":"standard","meta":{"footnotes":""},"categories":[59,39,55],"tags":[416,459],"class_list":["post-10438","post","type-post","status-publish","format-standard","hentry","category-cultura","category-educacion","category-servicios-sociales","tag-lectura","tag-animacionalalectura"],"_links":{"self":[{"href":"https:\/\/mediocudeyo.es\/web\/wp-json\/wp\/v2\/posts\/10438"}],"collection":[{"href":"https:\/\/mediocudeyo.es\/web\/wp-json\/wp\/v2\/posts"}],"about":[{"href":"https:\/\/mediocudeyo.es\/web\/wp-json\/wp\/v2\/types\/post"}],"author":[{"embeddable":true,"href":"https:\/\/mediocudeyo.es\/web\/wp-json\/wp\/v2\/users\/4"}],"replies":[{"embeddable":true,"href":"https:\/\/mediocudeyo.es\/web\/wp-json\/wp\/v2\/comments?post=10438"}],"version-history":[{"count":0,"href":"https:\/\/mediocudeyo.es\/web\/wp-json\/wp\/v2\/posts\/10438\/revisions"}],"wp:attachment":[{"href":"https:\/\/mediocudeyo.es\/web\/wp-json\/wp\/v2\/media?parent=10438"}],"wp:term":[{"taxonomy":"category","embeddable":true,"href":"https:\/\/mediocudeyo.es\/web\/wp-json\/wp\/v2\/categories?post=10438"},{"taxonomy":"post_tag","embeddable":true,"href":"https:\/\/mediocudeyo.es\/web\/wp-json\/wp\/v2\/tags?post=10438"}],"curies":[{"name":"wp","href":"https:\/\/api.w.org\/{rel}","templated":true}]}}