{"id":10463,"date":"2021-09-27T07:15:39","date_gmt":"2021-09-27T06:15:39","guid":{"rendered":"http:\/\/mediocudeyo.es\/web\/?p=10463"},"modified":"2021-09-27T07:15:39","modified_gmt":"2021-09-27T06:15:39","slug":"teatro-suenos-de-bronce","status":"publish","type":"post","link":"https:\/\/mediocudeyo.es\/web\/teatro-suenos-de-bronce\/","title":{"rendered":"Teatro: \u00abSue\u00f1os de Bronce\u00bb"},"content":{"rendered":"\n<p>Rebanal teatro nos trae, para inagurar los eventos del X Aniversario del Centro Cultural Ram\u00f3n Pelayo, una fant\u00e1stica obra con la que disfrutar del plan perfecto para un viernes.<\/p>\n\n\n\n<p>\u00abSue\u00f1os de bronce\u00bb es una comedia para todos los p\u00fablicos, muy especial, que incluye toques de campanas en directo. Un espect\u00e1culo \u00fanico y original.<\/p>\n\n\n\n<figure class=\"wp-block-image\"><img decoding=\"async\" src=\"http:\/\/mediocudeyo.es\/web\/wp-content\/uploads\/2021\/09\/x-Aniversario.-Sue\u00f1os-de-bronce-1-oct-CARTEL-JPG-724x1024.jpg\" alt=\"\" class=\"wp-image-10465\"\/><\/figure>\n\n\n\n<p>Un campanero del siglo XVI se comunica con el p\u00fablico, del que solicitar\u00e1 su colaboraci\u00f3n para recrear el mundo \u00fanico de los toques de campanas. Un personaje inesperado, dar\u00e1 un giro soprendente a los acontecimientos.<\/p>\n\n\n\n<p>Reservas desde le lunes 27 de septiembre hasta el viernes 21 de octubre (a las 12 horas) en el Centro Cultural Ram\u00f3n Pelayo: <\/p>\n\n\n\n<p>&#x260e; 942 52 26 85 (Tambi\u00e9n por whatsapp al mismo n\u00famero)<\/p>\n\n\n\n<p>&#x1f4e7;Centrocultural@mediocudeyo.es<\/p>\n\n\n\n<p>&#x26a0;&#xfe0f; Pedimos por favor que s\u00f3lo se reserven entradas por una de las  v\u00edas que se facilitan, para una mejor gesti\u00f3n de las mismas. Se les confirmar\u00e1n sus entradas y horario de acceso por la misma v\u00eda por la que las soliciten.<\/p>\n\n\n\n<p>&#x26a0;&#xfe0f;Para realizar la reserva es necesario aportar los siguientes datos de tod@s los asistentes: nombre completo, DNI (de los menores si tienen tambi\u00e9n), tel\u00e9fono de contacto y edad de los menores.<\/p>\n\n\n\n<p>&#x1f637;Medidas de seguridad:<br>\n&#x23fa;Entrada y salida escalonada.<br>\n&#x23fa;Aforo reducido preservando la distancia interpersonal.<br>\n&#x23fa;Uso de mascarilla durante todo el espect\u00e1culo.<br>\n&#x23fa;Toma de temperatura y uso de gel hidro-alcoh\u00f3lico .<\/p>\n","protected":false},"excerpt":{"rendered":"<p>Rebanal teatro nos trae, para inagurar los eventos del X Aniversario del Centro Cultural Ram\u00f3n Pelayo, una fant\u00e1stica obra con la que disfrutar del plan perfecto para un viernes. \u00abSue\u00f1os [&hellip;]<\/p>\n","protected":false},"author":4,"featured_media":0,"comment_status":"closed","ping_status":"closed","sticky":false,"template":"","format":"standard","meta":{"footnotes":""},"categories":[59],"tags":[473,104,474,83],"class_list":["post-10463","post","type-post","status-publish","format-standard","hentry","category-cultura","tag-aniversario","tag-centro-cultural","tag-rebanal-teatro","tag-teatro"],"_links":{"self":[{"href":"https:\/\/mediocudeyo.es\/web\/wp-json\/wp\/v2\/posts\/10463"}],"collection":[{"href":"https:\/\/mediocudeyo.es\/web\/wp-json\/wp\/v2\/posts"}],"about":[{"href":"https:\/\/mediocudeyo.es\/web\/wp-json\/wp\/v2\/types\/post"}],"author":[{"embeddable":true,"href":"https:\/\/mediocudeyo.es\/web\/wp-json\/wp\/v2\/users\/4"}],"replies":[{"embeddable":true,"href":"https:\/\/mediocudeyo.es\/web\/wp-json\/wp\/v2\/comments?post=10463"}],"version-history":[{"count":0,"href":"https:\/\/mediocudeyo.es\/web\/wp-json\/wp\/v2\/posts\/10463\/revisions"}],"wp:attachment":[{"href":"https:\/\/mediocudeyo.es\/web\/wp-json\/wp\/v2\/media?parent=10463"}],"wp:term":[{"taxonomy":"category","embeddable":true,"href":"https:\/\/mediocudeyo.es\/web\/wp-json\/wp\/v2\/categories?post=10463"},{"taxonomy":"post_tag","embeddable":true,"href":"https:\/\/mediocudeyo.es\/web\/wp-json\/wp\/v2\/tags?post=10463"}],"curies":[{"name":"wp","href":"https:\/\/api.w.org\/{rel}","templated":true}]}}