{"id":10529,"date":"2021-10-13T11:29:28","date_gmt":"2021-10-13T10:29:28","guid":{"rendered":"http:\/\/mediocudeyo.es\/web\/?p=10529"},"modified":"2021-10-13T11:29:28","modified_gmt":"2021-10-13T10:29:28","slug":"como-un-suspiro-de-ruido-interno","status":"publish","type":"post","link":"https:\/\/mediocudeyo.es\/web\/como-un-suspiro-de-ruido-interno\/","title":{"rendered":"\u00abComo un suspiro\u00bb de Ruido Interno"},"content":{"rendered":"\n<p>Seguimos celebrando el X Aniversario del Centro cultural Ram\u00f3n Pelayo con mucho arte y en esta ocasi\u00f3n, con un bonito espect\u00e1culo de Danza.<\/p>\n\n\n\n<p>El ciclo FusionArte nos trae \u00abComo un suspiro\u00bb de la Compa\u00f1\u00eda Ruido Interno. Danza contempor\u00e1nea y teatro van de la mano en esta nueva propuesta que fusiona movimiento, palabra, m\u00fasica, canto e imagen v\u00eddeo.<\/p>\n\n\n\n<p>Como un suspiro reflexiona sobre nuestro paso por la vida dividiendo esta en etapas que se corresponden a las cuatro estaciones. Identificamos la primavera con el nacimiento y la infancia; el verano nos muestra la luz y se convierte en una \u00e9poca de plenitud y crecimiento personal; el oto\u00f1o llega con la presencia del conflicto y su posible resoluci\u00f3n, asociado a la madurez, y al final, siempre nos espera el invierno para que el ciclo vital comience de nuevo.<\/p>\n\n\n\n<figure class=\"wp-block-image\"><img decoding=\"async\" src=\"http:\/\/mediocudeyo.es\/web\/wp-content\/uploads\/2021\/10\/X-ANIVERSARIO.-Vie-15-oct-CARTEL-INDIV-JPG-724x1024.jpg\" alt=\"\" class=\"wp-image-10530\"\/><\/figure>\n\n\n\n<p>Reservas abiertas hasta al viernes 15 (a las 12 horas) en el Centro Cultural Ram\u00f3n Pelayo:<\/p>\n\n\n\n<p> 942 52 26 85 (Tambi\u00e9n por whatsapp al mismo n\u00famero). Centrocultural@mediocudeyo.es<\/p>\n\n\n\n<p>Pedimos por favor que s\u00f3lo se reserven entradas por una de las v\u00edas que se facilitan, para una mejor gesti\u00f3n de las mismas. Se les confirmar\u00e1n sus entradas y horario de acceso por la misma v\u00eda por la que las soliciten.<\/p>\n\n\n\n<p>Para realizar la reserva es necesario aportar los siguientes datos de tod@s los asistentes: nombre completo, DNI (de los menores si tienen tambi\u00e9n), tel\u00e9fono de contacto y edad de los menores.<\/p>\n\n\n\n<p>Medidas de seguridad:<\/p>\n\n\n\n<p>Entrada y salida escalonada.<\/p>\n\n\n\n<p>Aforo reducido preservando la distancia interpersonal.<\/p>\n\n\n\n<p>Uso de mascarilla durante todo el espect\u00e1culo.<\/p>\n\n\n\n<p>Toma de temperatura y uso de gel hidro-alcoh\u00f3lico .\n\n<\/p>\n","protected":false},"excerpt":{"rendered":"<p>Seguimos celebrando el X Aniversario del Centro cultural Ram\u00f3n Pelayo con mucho arte y en esta ocasi\u00f3n, con un bonito espect\u00e1culo de Danza. El ciclo FusionArte nos trae \u00abComo un [&hellip;]<\/p>\n","protected":false},"author":4,"featured_media":0,"comment_status":"closed","ping_status":"closed","sticky":false,"template":"","format":"standard","meta":{"footnotes":""},"categories":[59],"tags":[104,146,83,478],"class_list":["post-10529","post","type-post","status-publish","format-standard","hentry","category-cultura","tag-centro-cultural","tag-danza","tag-teatro","tag-x-aniversario"],"_links":{"self":[{"href":"https:\/\/mediocudeyo.es\/web\/wp-json\/wp\/v2\/posts\/10529"}],"collection":[{"href":"https:\/\/mediocudeyo.es\/web\/wp-json\/wp\/v2\/posts"}],"about":[{"href":"https:\/\/mediocudeyo.es\/web\/wp-json\/wp\/v2\/types\/post"}],"author":[{"embeddable":true,"href":"https:\/\/mediocudeyo.es\/web\/wp-json\/wp\/v2\/users\/4"}],"replies":[{"embeddable":true,"href":"https:\/\/mediocudeyo.es\/web\/wp-json\/wp\/v2\/comments?post=10529"}],"version-history":[{"count":0,"href":"https:\/\/mediocudeyo.es\/web\/wp-json\/wp\/v2\/posts\/10529\/revisions"}],"wp:attachment":[{"href":"https:\/\/mediocudeyo.es\/web\/wp-json\/wp\/v2\/media?parent=10529"}],"wp:term":[{"taxonomy":"category","embeddable":true,"href":"https:\/\/mediocudeyo.es\/web\/wp-json\/wp\/v2\/categories?post=10529"},{"taxonomy":"post_tag","embeddable":true,"href":"https:\/\/mediocudeyo.es\/web\/wp-json\/wp\/v2\/tags?post=10529"}],"curies":[{"name":"wp","href":"https:\/\/api.w.org\/{rel}","templated":true}]}}