{"id":10564,"date":"2021-10-15T16:38:37","date_gmt":"2021-10-15T15:38:37","guid":{"rendered":"http:\/\/mediocudeyo.es\/web\/?p=10564"},"modified":"2021-10-15T16:38:37","modified_gmt":"2021-10-15T15:38:37","slug":"taller-de-danza-contemporanea-y-performance-para-jovenes","status":"publish","type":"post","link":"https:\/\/mediocudeyo.es\/web\/taller-de-danza-contemporanea-y-performance-para-jovenes\/","title":{"rendered":"TALLER DE DANZA CONTEMPOR\u00c1NEA Y PERFORMANCE PARA J\u00d3VENES"},"content":{"rendered":"\n<p>La danza es la expresi\u00f3n art\u00edstica donde el cuerpo habla y la mente calla. En ese justo momento dejamos atr\u00e1s todas las preocupaciones para dedicar nuestro instante al baile.<\/p>\n\n\n\n<p><em>Bailotear es lo \u00fanico importante, el resto puede esperar.<\/em><\/p>\n\n\n\n<p><strong>25, 28 y 29<\/strong> de octubre de <strong>18:00h a 19:30h<\/strong> te esperamos en el <strong>Centro Cultural Ram\u00f3n Pelayo de Solares.<\/strong><\/p>\n\n\n\n<figure class=\"wp-block-image\"><img decoding=\"async\" src=\"http:\/\/mediocudeyo.es\/web\/wp-content\/uploads\/2021\/10\/JUVENTUD.-Taller-Danza-CARTEL-JPG-1024x724.jpg\" alt=\"\" class=\"wp-image-10565\"\/><\/figure>\n\n\n\n<p><strong>Reserva de plaza en el Centro Cultural Ram\u00f3n Pelayo:<\/strong><\/p>\n\n\n\n<p> 942 52 26 85 <em>(Tambi\u00e9n por whatsapp al mismo n\u00famero)<\/em><\/p>\n\n\n\n<p>\nCentrocultural@mediocudeyo.es\n\n<\/p>\n\n\n\n<p><strong>Medidas de seguridad:<\/strong><\/p>\n\n\n\n<p><em>Aforo reducido preservando la distancia interpersonal.<\/em><\/p>\n\n\n\n<p><em>Uso de mascarilla durante toda la actividad.<\/em><\/p>\n\n\n\n<p><em>Toma de temperatura y uso de gel hidro-alcoh\u00f3lico <\/em><\/p>\n","protected":false},"excerpt":{"rendered":"<p>La danza es la expresi\u00f3n art\u00edstica donde el cuerpo habla y la mente calla. En ese justo momento dejamos atr\u00e1s todas las preocupaciones para dedicar nuestro instante al baile. Bailotear [&hellip;]<\/p>\n","protected":false},"author":4,"featured_media":0,"comment_status":"closed","ping_status":"closed","sticky":false,"template":"","format":"standard","meta":{"footnotes":""},"categories":[59,49],"tags":[113,66],"class_list":["post-10564","post","type-post","status-publish","format-standard","hentry","category-cultura","category-juventud","tag-juventud","tag-talleres"],"_links":{"self":[{"href":"https:\/\/mediocudeyo.es\/web\/wp-json\/wp\/v2\/posts\/10564"}],"collection":[{"href":"https:\/\/mediocudeyo.es\/web\/wp-json\/wp\/v2\/posts"}],"about":[{"href":"https:\/\/mediocudeyo.es\/web\/wp-json\/wp\/v2\/types\/post"}],"author":[{"embeddable":true,"href":"https:\/\/mediocudeyo.es\/web\/wp-json\/wp\/v2\/users\/4"}],"replies":[{"embeddable":true,"href":"https:\/\/mediocudeyo.es\/web\/wp-json\/wp\/v2\/comments?post=10564"}],"version-history":[{"count":0,"href":"https:\/\/mediocudeyo.es\/web\/wp-json\/wp\/v2\/posts\/10564\/revisions"}],"wp:attachment":[{"href":"https:\/\/mediocudeyo.es\/web\/wp-json\/wp\/v2\/media?parent=10564"}],"wp:term":[{"taxonomy":"category","embeddable":true,"href":"https:\/\/mediocudeyo.es\/web\/wp-json\/wp\/v2\/categories?post=10564"},{"taxonomy":"post_tag","embeddable":true,"href":"https:\/\/mediocudeyo.es\/web\/wp-json\/wp\/v2\/tags?post=10564"}],"curies":[{"name":"wp","href":"https:\/\/api.w.org\/{rel}","templated":true}]}}