{"id":10575,"date":"2021-10-18T09:35:24","date_gmt":"2021-10-18T08:35:24","guid":{"rendered":"http:\/\/mediocudeyo.es\/web\/?p=10575"},"modified":"2021-10-18T09:35:24","modified_gmt":"2021-10-18T08:35:24","slug":"i-concurso-literario-de-poesia-centro-cultural-ramon-pelayo","status":"publish","type":"post","link":"https:\/\/mediocudeyo.es\/web\/i-concurso-literario-de-poesia-centro-cultural-ramon-pelayo\/","title":{"rendered":"I CONCURSO LITERARIO de poes\u00eda \u201cCentro Cultural Ram\u00f3n Pelayo\u201d"},"content":{"rendered":"\n<p>El X Aniversario del Centro Cultural nos trae una nueva sorpresa el: <strong>I CONCURSO LITERARIO de poes\u00eda \u201c<em>Centro Cultural Ram\u00f3n Pelayo<\/em>\u201d<\/strong>.<\/p>\n\n\n\n<p>Con el objetivo de  generar un espacio permanente de creaci\u00f3n literaria donde la ciudadan\u00eda potencie el gusto por la escritura y la lectura,  la concejal\u00eda de Cultura del Ayuntamiento de Medio Cudeyo organiza este certamen para lograr que el Centro Cultural Ram\u00f3n Pelayo llegue a ser referente de estas iniciativas.<\/p>\n\n\n\n<p>Las obras podr\u00e1n se podr\u00e1n enviar <strong>del 24 de octubre<\/strong>, coincidiendo con la conmemoraci\u00f3n del D\u00eda Internacional de la Biblioteca, <strong>hasta el <\/strong><em><strong>25 de noviembre de&nbsp; a las 23:59h<\/strong><\/em><strong>.<\/strong><\/p>\n\n\n\n<figure class=\"wp-block-image\"><img decoding=\"async\" src=\"http:\/\/mediocudeyo.es\/web\/wp-content\/uploads\/2021\/10\/D\u00cdA-DE-LA-BIBLIOTECA.-Concurso-poes\u00eda-CARTEL-JPG-1-724x1024.jpg\" alt=\"\" class=\"wp-image-10576\"\/><\/figure>\n\n\n\n<p>Habr\u00e1 dos categor\u00edas, general y especial:<\/p>\n\n\n\n<p><strong>CATEGOR\u00cdA GENERAL:  destinado a todas las personas participantes.<\/strong> Primer premio: 290 \u20ac y  diploma literario.  Segundo premio: 200 \u20ac y diploma literario.  <\/p>\n\n\n\n<p><br><strong>CATEGOR\u00cdA ESPECIAL: PREMIO RESERVADO PARA LA CIUDADAN\u00cdA DE MEDIO CUDEYO. <\/strong> Primer Premio: 150 \u20ac y diploma literario.  Segundo Premio: 100 \u20ac y diploma literario<\/p>\n\n\n\n<p>El <strong>fallo del Jurado se dar\u00e1 a conocer el d\u00eda 3 de diciembre de 2021<\/strong>.<\/p>\n\n\n\n<p>Consulta las <a href=\"http:\/\/mediocudeyo.es\/web\/wp-content\/uploads\/2021\/10\/D\u00cdA-DE-LA-BIBLIOTECA.-I-Concurso-Literario-Poes\u00eda.-BASES.pdf\"><strong><em>BASES AQU\u00cd<\/em><\/strong><\/a> para conocer toda la normativa del concurso y \u00a1a crear!  <\/p>\n\n\n\n<p><\/p>\n","protected":false},"excerpt":{"rendered":"<p>El X Aniversario del Centro Cultural nos trae una nueva sorpresa el: I CONCURSO LITERARIO de poes\u00eda \u201cCentro Cultural Ram\u00f3n Pelayo\u201d. Con el objetivo de generar un espacio permanente de [&hellip;]<\/p>\n","protected":false},"author":4,"featured_media":0,"comment_status":"closed","ping_status":"closed","sticky":false,"template":"","format":"standard","meta":{"footnotes":""},"categories":[35,59],"tags":[84,58,335,106,238,273,476],"class_list":["post-10575","post","type-post","status-publish","format-standard","hentry","category-biblioteca","category-cultura","tag-biblioteca","tag-centro-cultural-ramon-pelayo","tag-certamen","tag-concurso","tag-cultura","tag-poesia","tag-xaniversario"],"_links":{"self":[{"href":"https:\/\/mediocudeyo.es\/web\/wp-json\/wp\/v2\/posts\/10575"}],"collection":[{"href":"https:\/\/mediocudeyo.es\/web\/wp-json\/wp\/v2\/posts"}],"about":[{"href":"https:\/\/mediocudeyo.es\/web\/wp-json\/wp\/v2\/types\/post"}],"author":[{"embeddable":true,"href":"https:\/\/mediocudeyo.es\/web\/wp-json\/wp\/v2\/users\/4"}],"replies":[{"embeddable":true,"href":"https:\/\/mediocudeyo.es\/web\/wp-json\/wp\/v2\/comments?post=10575"}],"version-history":[{"count":0,"href":"https:\/\/mediocudeyo.es\/web\/wp-json\/wp\/v2\/posts\/10575\/revisions"}],"wp:attachment":[{"href":"https:\/\/mediocudeyo.es\/web\/wp-json\/wp\/v2\/media?parent=10575"}],"wp:term":[{"taxonomy":"category","embeddable":true,"href":"https:\/\/mediocudeyo.es\/web\/wp-json\/wp\/v2\/categories?post=10575"},{"taxonomy":"post_tag","embeddable":true,"href":"https:\/\/mediocudeyo.es\/web\/wp-json\/wp\/v2\/tags?post=10575"}],"curies":[{"name":"wp","href":"https:\/\/api.w.org\/{rel}","templated":true}]}}