{"id":10609,"date":"2021-10-25T17:18:32","date_gmt":"2021-10-25T16:18:32","guid":{"rendered":"http:\/\/mediocudeyo.es\/web\/?p=10609"},"modified":"2022-12-12T11:47:35","modified_gmt":"2022-12-12T11:47:35","slug":"filmoteca-la-calle-del-agua-de-celia-viada-caso","status":"publish","type":"post","link":"https:\/\/mediocudeyo.es\/web\/filmoteca-la-calle-del-agua-de-celia-viada-caso\/","title":{"rendered":"FILMOTECA &#8216;LA CALLE DEL AGUA&#8217; DE CELIA VIADA CASO"},"content":{"rendered":"\n<figure class=\"wp-block-image\"><img decoding=\"async\" src=\"http:\/\/mediocudeyo.es\/web\/wp-content\/uploads\/2021\/10\/Cartel_045x.jpg\" alt=\"\" class=\"wp-image-10610\"\/><\/figure>\n\n\n\n<p> <\/p>\n\n\n\n<p><strong>Domingo 30 de octubre, 18:00 h.<\/strong><\/p>\n\n\n\n<p>Centro Cultural Ram\u00f3n Pelayo (Solares)<\/p>\n\n\n\n<p>Precio \u00fanico: 2,50\u20ac.<\/p>\n\n\n\n<p> <\/p>\n\n\n\n<p><strong>Medidas de seguridad:<\/strong><\/p>\n\n\n\n<p><em>No es necesaria reserva previa.<\/em><\/p>\n\n\n\n<p><em>Entrada y salida escalonada.<\/em><\/p>\n\n\n\n<p><em>Aforo  preservando la distancia interpersonal.<\/em><\/p>\n\n\n\n<p><em>Uso de mascarilla durante todo el espect\u00e1culo.<\/em><\/p>\n\n\n\n<p><em>Uso de gel hidro-alcoh\u00f3lico.<\/em><\/p>\n\n\n\n<p><strong>SINOPSIS<\/strong><\/p>\n\n\n\n<p>Benjamina  Miyar (1888-1961) llev\u00f3 una vida poco com\u00fan en su casa de la Calle del  Agua, a los pies de los Picos de Europa. Fot\u00f3grafa y relojera durante  m\u00e1s de 40 a\u00f1os, form\u00f3 tambi\u00e9n parte de la resistencia antifranquista. Su  vida y su obra desaparecieron tras su muerte. La calle del agua es el  encuentro entre dos mujeres que comparten un lugar en distintos tiempos,  el esbozo de un retrato que emerge de lo recordado y de lo desvanecido.La  calle del agua es el primer largometraje de la cineasta asturiana quien  ahora est\u00e1 trabajando en un libro sobre Benjamina. La pel\u00edcula tuvo una  acogida fulgurante en la 58 edici\u00f3n del Festival Internacional de Cine  de Xix\u00f3n, en la que recibi\u00f3 siete premios, incluyendo el de la  Federaci\u00f3n Internacional de la Prensa Cinematogr\u00e1fica a la Mejor  Direcci\u00f3n, el del P\u00fablico, y el de Mejor Guion de Pel\u00edcula Espa\u00f1ola  otorgado por el Jurado Cine Espa\u00f1ol. <\/p>\n\n\n\n<figure class=\"wp-block-embed-youtube wp-block-embed is-type-video is-provider-youtube wp-embed-aspect-16-9 wp-has-aspect-ratio\"><div class=\"wp-block-embed__wrapper\">\n<iframe title=\"Trailer LA CALLE DEL AGUA de Celia Viada Caso\" width=\"500\" height=\"281\" src=\"https:\/\/www.youtube.com\/embed\/nsC7lx863k0?feature=oembed\" frameborder=\"0\" allow=\"accelerometer; autoplay; clipboard-write; encrypted-media; gyroscope; picture-in-picture; web-share\" referrerpolicy=\"strict-origin-when-cross-origin\" allowfullscreen><\/iframe>\n<\/div><figcaption>Trailer<\/figcaption><\/figure>\n","protected":false},"excerpt":{"rendered":"<p>Domingo 30 de octubre, 18:00 h. Centro Cultural Ram\u00f3n Pelayo (Solares) Precio \u00fanico: 2,50\u20ac. Medidas de seguridad: No es necesaria reserva previa. Entrada y salida escalonada. Aforo preservando la distancia [&hellip;]<\/p>\n","protected":false},"author":4,"featured_media":0,"comment_status":"closed","ping_status":"closed","sticky":false,"template":"","format":"standard","meta":{"footnotes":""},"categories":[1],"tags":[117],"class_list":["post-10609","post","type-post","status-publish","format-standard","hentry","category-sin-categoria","tag-filmoteca"],"_links":{"self":[{"href":"https:\/\/mediocudeyo.es\/web\/wp-json\/wp\/v2\/posts\/10609"}],"collection":[{"href":"https:\/\/mediocudeyo.es\/web\/wp-json\/wp\/v2\/posts"}],"about":[{"href":"https:\/\/mediocudeyo.es\/web\/wp-json\/wp\/v2\/types\/post"}],"author":[{"embeddable":true,"href":"https:\/\/mediocudeyo.es\/web\/wp-json\/wp\/v2\/users\/4"}],"replies":[{"embeddable":true,"href":"https:\/\/mediocudeyo.es\/web\/wp-json\/wp\/v2\/comments?post=10609"}],"version-history":[{"count":1,"href":"https:\/\/mediocudeyo.es\/web\/wp-json\/wp\/v2\/posts\/10609\/revisions"}],"predecessor-version":[{"id":17728,"href":"https:\/\/mediocudeyo.es\/web\/wp-json\/wp\/v2\/posts\/10609\/revisions\/17728"}],"wp:attachment":[{"href":"https:\/\/mediocudeyo.es\/web\/wp-json\/wp\/v2\/media?parent=10609"}],"wp:term":[{"taxonomy":"category","embeddable":true,"href":"https:\/\/mediocudeyo.es\/web\/wp-json\/wp\/v2\/categories?post=10609"},{"taxonomy":"post_tag","embeddable":true,"href":"https:\/\/mediocudeyo.es\/web\/wp-json\/wp\/v2\/tags?post=10609"}],"curies":[{"name":"wp","href":"https:\/\/api.w.org\/{rel}","templated":true}]}}