{"id":10651,"date":"2021-11-02T16:26:38","date_gmt":"2021-11-02T15:26:38","guid":{"rendered":"http:\/\/mediocudeyo.es\/web\/?p=10651"},"modified":"2021-11-02T16:26:38","modified_gmt":"2021-11-02T15:26:38","slug":"filmoteca-cronica-de-una-tormenta","status":"publish","type":"post","link":"https:\/\/mediocudeyo.es\/web\/filmoteca-cronica-de-una-tormenta\/","title":{"rendered":"Filmoteca: Cr\u00f3nica de una tormenta"},"content":{"rendered":"\n<p>Nuevo domingo de Filmoteca en el Centro Cultural Ram\u00f3n Pelayo (Solares)<\/p>\n\n\n\n<p>Interpretada por Clara Lago, Ernesto Alterio y Quique Fern\u00e1ndez, \u00abCr\u00f3nica de una tormenta\u00bb (2020) es una pel\u00edcula coproducci\u00f3n de Espa\u00f1a y Argentina dirigida por Mariana Barassi basada en la obra de teatro \u201cTestosterona\u201d, de la escritora mexicana Sabina Berman.<\/p>\n\n\n\n<figure class=\"wp-block-image\"><img decoding=\"async\" src=\"http:\/\/mediocudeyo.es\/web\/wp-content\/uploads\/2021\/11\/filmoteca-7-oct-691x1024.jpg\" alt=\"\" class=\"wp-image-10652\"\/><\/figure>\n\n\n\n<p><em><strong>Sinopsis<\/strong><\/em>: Antonio, el director de un importante peri\u00f3dico, debe elegir a su sucesor: Maca, una mujer que apuesta por la cooperaci\u00f3n entre los miembros de la empresa y no por la verticalidad en el trabajo, competir\u00e1 contra el otro subdirector, Vargas, un periodista manipulador que se las sabe todas. La noche en la que Antonio le cuenta a Maca el proceso de selecci\u00f3n, ambos se quedan encerrados en el peri\u00f3dico por una fuerte tormenta y, en el curso de esa noche, hablar\u00e1n a fondo, discutir\u00e1n y revelar\u00e1n cuestiones trascendentales de la vida, el periodismo, el amor, el sexo y la muerte.<\/p>\n\n\n\n<figure class=\"wp-block-embed-youtube wp-block-embed is-type-video is-provider-youtube wp-embed-aspect-16-9 wp-has-aspect-ratio\"><div class=\"wp-block-embed__wrapper\">\n<iframe title=\"Cr\u00f3nica de una tormenta Tr\u00e1iler Espa\u00f1ol\" width=\"500\" height=\"281\" src=\"https:\/\/www.youtube.com\/embed\/AdLbrdMbfv0?feature=oembed\" frameborder=\"0\" allow=\"accelerometer; autoplay; clipboard-write; encrypted-media; gyroscope; picture-in-picture; web-share\" referrerpolicy=\"strict-origin-when-cross-origin\" allowfullscreen><\/iframe>\n<\/div><\/figure>\n\n\n\n<p>&#x1f4c6;<strong>Domingo 7 de noviembre, 18:00 h<\/strong>. Centro Cultural Ram\u00f3n Pelayo (Solares)<\/p>\n\n\n\n<p>&#x1f4b5;Precio \u00fanico:<strong> 2,50<\/strong>\u20ac.<\/p>\n\n\n\n<p>&#x1f637;<strong><em>Medidas de seguridad:<\/em><\/strong><\/p>\n\n\n\n<p>&#x23fa;No es necesaria reserva previa.<\/p>\n\n\n\n<p>&#x23fa;Entrada y salida escalonada.<\/p>\n\n\n\n<p>&#x23fa;Aforo preservando la distancia\ninterpersonal (1 butaca)<\/p>\n\n\n\n<p>&#x23fa;Uso de mascarilla durante todo\nel espect\u00e1culo.<\/p>\n\n\n\n<p>&#x23fa;Uso de gel hidro-alcoh\u00f3lico a la\nentrada al edificio.<\/p>\n","protected":false},"excerpt":{"rendered":"<p>Nuevo domingo de Filmoteca en el Centro Cultural Ram\u00f3n Pelayo (Solares) Interpretada por Clara Lago, Ernesto Alterio y Quique Fern\u00e1ndez, \u00abCr\u00f3nica de una tormenta\u00bb (2020) es una pel\u00edcula coproducci\u00f3n de [&hellip;]<\/p>\n","protected":false},"author":4,"featured_media":0,"comment_status":"closed","ping_status":"closed","sticky":false,"template":"","format":"standard","meta":{"footnotes":""},"categories":[59],"tags":[104,117],"class_list":["post-10651","post","type-post","status-publish","format-standard","hentry","category-cultura","tag-centro-cultural","tag-filmoteca"],"_links":{"self":[{"href":"https:\/\/mediocudeyo.es\/web\/wp-json\/wp\/v2\/posts\/10651"}],"collection":[{"href":"https:\/\/mediocudeyo.es\/web\/wp-json\/wp\/v2\/posts"}],"about":[{"href":"https:\/\/mediocudeyo.es\/web\/wp-json\/wp\/v2\/types\/post"}],"author":[{"embeddable":true,"href":"https:\/\/mediocudeyo.es\/web\/wp-json\/wp\/v2\/users\/4"}],"replies":[{"embeddable":true,"href":"https:\/\/mediocudeyo.es\/web\/wp-json\/wp\/v2\/comments?post=10651"}],"version-history":[{"count":0,"href":"https:\/\/mediocudeyo.es\/web\/wp-json\/wp\/v2\/posts\/10651\/revisions"}],"wp:attachment":[{"href":"https:\/\/mediocudeyo.es\/web\/wp-json\/wp\/v2\/media?parent=10651"}],"wp:term":[{"taxonomy":"category","embeddable":true,"href":"https:\/\/mediocudeyo.es\/web\/wp-json\/wp\/v2\/categories?post=10651"},{"taxonomy":"post_tag","embeddable":true,"href":"https:\/\/mediocudeyo.es\/web\/wp-json\/wp\/v2\/tags?post=10651"}],"curies":[{"name":"wp","href":"https:\/\/api.w.org\/{rel}","templated":true}]}}