{"id":10695,"date":"2021-11-08T16:35:49","date_gmt":"2021-11-08T15:35:49","guid":{"rendered":"http:\/\/mediocudeyo.es\/web\/?p=10695"},"modified":"2021-11-08T16:35:49","modified_gmt":"2021-11-08T15:35:49","slug":"hugo-selles-presenta-glerskaldskapur","status":"publish","type":"post","link":"https:\/\/mediocudeyo.es\/web\/hugo-selles-presenta-glerskaldskapur\/","title":{"rendered":"Hugo Selles presenta Glersk\u00e1ldskapur"},"content":{"rendered":"\n<p> El Centro Cultural sigue celebrando su<strong> X Aniversario <\/strong>con actuaciones que no dejan indiferente.<\/p>\n\n\n\n<figure class=\"wp-block-image\"><img decoding=\"async\" src=\"http:\/\/mediocudeyo.es\/web\/wp-content\/uploads\/2021\/11\/X-ANIVERSARIO-vie-12-nov-CARTEL-JPG-724x1024.jpg\" alt=\"\" class=\"wp-image-10696\"\/><\/figure>\n\n\n\n<p>Las manos de <strong>Hugo Selles<\/strong> a las teclas de un piano y las voces de <strong>Sergio Balbont\u00edn<\/strong> y <strong>Julio Ceballos<\/strong> cosidas a sus notas, dan vida a un poliedro fabricado a partir de piezas musicales, im\u00e1genes y poes\u00eda. <\/p>\n\n\n\n<p><strong>\u201cGlersk\u00e2ldskapur\u201d<\/strong> es un t\u00e9rmino l\u00edrico island\u00e9s que hace referencia al estado mental que generan las diferentes estaciones del a\u00f1o.<\/p>\n\n\n\n<figure class=\"wp-block-embed-youtube wp-block-embed is-type-video is-provider-youtube wp-embed-aspect-16-9 wp-has-aspect-ratio\"><div class=\"wp-block-embed__wrapper\">\n<iframe title=\"Glersk\u00e1ldskapur \/ Trailer\" width=\"500\" height=\"281\" src=\"https:\/\/www.youtube.com\/embed\/2VxepEcUv1o?feature=oembed\" frameborder=\"0\" allow=\"accelerometer; autoplay; clipboard-write; encrypted-media; gyroscope; picture-in-picture; web-share\" referrerpolicy=\"strict-origin-when-cross-origin\" allowfullscreen><\/iframe>\n<\/div><figcaption>trailer  <strong>Glersk\u00e2ldskapur<\/strong> <\/figcaption><\/figure>\n\n\n\n<p><strong>Reserva de entradas abierta. GRATIS.<\/strong><\/p>\n\n\n\n<p><strong>M\u00e1s informaci\u00f3n e inscripciones en el Centro Cultural Ram\u00f3n Pelayo:<\/strong><\/p>\n\n\n\n<p> centrocultural@mediocudeyo.es <\/p>\n\n\n\n<p> y whatsApp: 942 52 26 85\n\n<\/p>\n","protected":false},"excerpt":{"rendered":"<p>El Centro Cultural sigue celebrando su X Aniversario con actuaciones que no dejan indiferente. Las manos de Hugo Selles a las teclas de un piano y las voces de Sergio [&hellip;]<\/p>\n","protected":false},"author":4,"featured_media":0,"comment_status":"closed","ping_status":"closed","sticky":false,"template":"","format":"standard","meta":{"footnotes":""},"categories":[59,51,57],"tags":[238,420,160],"class_list":["post-10695","post","type-post","status-publish","format-standard","hentry","category-cultura","category-musica-en-directo","category-turismo","tag-cultura","tag-culturasegura","tag-musica"],"_links":{"self":[{"href":"https:\/\/mediocudeyo.es\/web\/wp-json\/wp\/v2\/posts\/10695"}],"collection":[{"href":"https:\/\/mediocudeyo.es\/web\/wp-json\/wp\/v2\/posts"}],"about":[{"href":"https:\/\/mediocudeyo.es\/web\/wp-json\/wp\/v2\/types\/post"}],"author":[{"embeddable":true,"href":"https:\/\/mediocudeyo.es\/web\/wp-json\/wp\/v2\/users\/4"}],"replies":[{"embeddable":true,"href":"https:\/\/mediocudeyo.es\/web\/wp-json\/wp\/v2\/comments?post=10695"}],"version-history":[{"count":0,"href":"https:\/\/mediocudeyo.es\/web\/wp-json\/wp\/v2\/posts\/10695\/revisions"}],"wp:attachment":[{"href":"https:\/\/mediocudeyo.es\/web\/wp-json\/wp\/v2\/media?parent=10695"}],"wp:term":[{"taxonomy":"category","embeddable":true,"href":"https:\/\/mediocudeyo.es\/web\/wp-json\/wp\/v2\/categories?post=10695"},{"taxonomy":"post_tag","embeddable":true,"href":"https:\/\/mediocudeyo.es\/web\/wp-json\/wp\/v2\/tags?post=10695"}],"curies":[{"name":"wp","href":"https:\/\/api.w.org\/{rel}","templated":true}]}}