{"id":10710,"date":"2021-11-10T11:27:44","date_gmt":"2021-11-10T10:27:44","guid":{"rendered":"http:\/\/mediocudeyo.es\/web\/?p=10710"},"modified":"2021-11-10T11:27:44","modified_gmt":"2021-11-10T10:27:44","slug":"presentacion-del-libro-el-estrambotico-viaje-a-barcena-menor","status":"publish","type":"post","link":"https:\/\/mediocudeyo.es\/web\/presentacion-del-libro-el-estrambotico-viaje-a-barcena-menor\/","title":{"rendered":"Presentaci\u00f3n del libro \u00abEl estramb\u00f3tico viaje a B\u00e1rcena  Menor\u00bb"},"content":{"rendered":"\n<p>Desde el Centro Cultural Ram\u00f3n Pelayo nos invitan al acto de presentaci\u00f3n del libro <em><strong>\u00abEl estramb\u00f3tico viaje a B\u00e1rcena Menor\u00bb<\/strong><\/em><strong> <\/strong>de <strong>Victor Tard\u00edo<\/strong> el pr\u00f3ximo <strong>mi\u00e9rcoles 17 de noviembre a las 19:30  horas. <\/strong><\/p>\n\n\n\n<p>Nuestro vecino escritor viene cargado de sorpresas y mucho humor en la presentaci\u00f3n oficial de su segundo libro que ya puedes coger en pr\u00e9stamo, al igual que su anterior obra<strong> <\/strong><em><strong>\u00abLa moraleja es que te como la oreja\u00bb<\/strong><\/em>,  en la Biblioteca Municipal.<strong> <\/strong><\/p>\n\n\n\n<p><strong>Reserva ya tu invitaci\u00f3n<\/strong> para el evento:<\/p>\n\n\n\n<p><strong><em>Centro Cultural Ram\u00f3n Pelayo 942 522 685  \/ centrocultural@mediocudeyo.es<\/em><\/strong><\/p>\n\n\n\n<figure class=\"wp-block-image\"><img decoding=\"async\" src=\"http:\/\/mediocudeyo.es\/web\/wp-content\/uploads\/2021\/11\/V\u00edctor-Tard\u00edo-Presentaci\u00f3n-libro-17-nov-CARTEL-JPG-724x1024.png\" alt=\"\" class=\"wp-image-10711\"\/><\/figure>\n\n\n\n<p><em><strong>\u00abEl estramb\u00f3tico viaje a B\u00e1rcena Menor\u00bb<\/strong><\/em> es una obra en la que<strong> <em>\u00ab<\/em><\/strong><em>lo irracional se apodera de sus personajes para intentar hacer sonre\u00edr al lector\u00bb.<\/em><\/p>\n\n\n\n<p>Ambrosio es un celador amargado de Santander; Chari una se\u00f1ora con aires  de grandeza, despu\u00e9s de enamorarse, viajar\u00e1n a un peque\u00f1o pueblo de un  mundo paralelo gracias a un desplazamiento astral propiciado por una  aspiradora m\u00e1gica. Lo que les pasa all\u00ed es una cosa de locos, como dec\u00eda  Pope (el sicario m\u00e1s internacional de Pablo Escobar), su misi\u00f3n: salvar  B\u00e1rcena Menor.Esta obra de surruralismo tard\u00edo nos muestra una aventura  costumbrista disparatada que busca despertar la risotada o la  perplejidad del estimable lector. <\/p>\n","protected":false},"excerpt":{"rendered":"<p>Desde el Centro Cultural Ram\u00f3n Pelayo nos invitan al acto de presentaci\u00f3n del libro \u00abEl estramb\u00f3tico viaje a B\u00e1rcena Menor\u00bb de Victor Tard\u00edo el pr\u00f3ximo mi\u00e9rcoles 17 de noviembre a [&hellip;]<\/p>\n","protected":false},"author":4,"featured_media":0,"comment_status":"closed","ping_status":"closed","sticky":false,"template":"","format":"standard","meta":{"footnotes":""},"categories":[35,59],"tags":[104,155,484],"class_list":["post-10710","post","type-post","status-publish","format-standard","hentry","category-biblioteca","category-cultura","tag-centro-cultural","tag-presentacion-libro","tag-victor-tardio"],"_links":{"self":[{"href":"https:\/\/mediocudeyo.es\/web\/wp-json\/wp\/v2\/posts\/10710"}],"collection":[{"href":"https:\/\/mediocudeyo.es\/web\/wp-json\/wp\/v2\/posts"}],"about":[{"href":"https:\/\/mediocudeyo.es\/web\/wp-json\/wp\/v2\/types\/post"}],"author":[{"embeddable":true,"href":"https:\/\/mediocudeyo.es\/web\/wp-json\/wp\/v2\/users\/4"}],"replies":[{"embeddable":true,"href":"https:\/\/mediocudeyo.es\/web\/wp-json\/wp\/v2\/comments?post=10710"}],"version-history":[{"count":0,"href":"https:\/\/mediocudeyo.es\/web\/wp-json\/wp\/v2\/posts\/10710\/revisions"}],"wp:attachment":[{"href":"https:\/\/mediocudeyo.es\/web\/wp-json\/wp\/v2\/media?parent=10710"}],"wp:term":[{"taxonomy":"category","embeddable":true,"href":"https:\/\/mediocudeyo.es\/web\/wp-json\/wp\/v2\/categories?post=10710"},{"taxonomy":"post_tag","embeddable":true,"href":"https:\/\/mediocudeyo.es\/web\/wp-json\/wp\/v2\/tags?post=10710"}],"curies":[{"name":"wp","href":"https:\/\/api.w.org\/{rel}","templated":true}]}}