{"id":10874,"date":"2021-11-23T15:31:15","date_gmt":"2021-11-23T14:31:15","guid":{"rendered":"http:\/\/mediocudeyo.es\/web\/?p=10874"},"modified":"2021-11-23T15:31:15","modified_gmt":"2021-11-23T14:31:15","slug":"filmoteca-y-llovieron-pajaros","status":"publish","type":"post","link":"https:\/\/mediocudeyo.es\/web\/filmoteca-y-llovieron-pajaros\/","title":{"rendered":"FILMOTECA: Y LLOVIERON P\u00c1JAROS"},"content":{"rendered":"\n<p>Este domingo 28 de noviembre a partir de las 18:00 horas disfruta, en el Sal\u00f3n de Actos del Centro Cultural Ram\u00f3n Pelayo, de una nueva sesi\u00f3n de filmoteca con: Y llovieron P\u00e1jaros.<\/p>\n\n\n\n<figure class=\"wp-block-image\"><img decoding=\"async\" src=\"http:\/\/mediocudeyo.es\/web\/wp-content\/uploads\/2021\/11\/filmoteca-28-nov-724x1024.jpg\" alt=\"\" class=\"wp-image-10875\"\/><\/figure>\n\n\n\n<p>Bas\u00e1ndose en la novela hom\u00f3nima de Jocelyne Saucier, la cineasta canadiense Louise Archambault (Gabrielle) compone<strong>  <\/strong>una pel\u00edcula en la que los personajes secundarios se convierten en  protagonistas y las historias que suelen pasan desapercibidas, en los  \u00fanicos relatos que importan.<\/p>\n\n\n\n<p><em>Esta es la historia de tres ancianos que han elegido retirarse del mundo  y vivir en los bosques de Canad\u00e1. Al tiempo que un gran incendio  amenaza la regi\u00f3n, alguien llega hasta su escondite: una joven fot\u00f3grafa  que busca a un tal Boychuck. Y no es la \u00fanica. Poco despu\u00e9s, una mujer  de m\u00e1s de 80 a\u00f1os aparece como una brisa ligera que alborotar\u00e1 sus  vidas. Mientras intentan comprender la historia de Boychuck a trav\u00e9s de  sus pinturas, algo extraordinario surgir\u00e1 entre todos ellos.  <\/em><\/p>\n\n\n\n<figure class=\"wp-block-embed-youtube wp-block-embed is-type-video is-provider-youtube wp-embed-aspect-16-9 wp-has-aspect-ratio\"><div class=\"wp-block-embed__wrapper\">\n<iframe title=\"Y llovieron pa\u0301jaros - Trailer espan\u0303ol (HD)\" width=\"500\" height=\"281\" src=\"https:\/\/www.youtube.com\/embed\/AzRcAbM_XuE?feature=oembed\" frameborder=\"0\" allow=\"accelerometer; autoplay; clipboard-write; encrypted-media; gyroscope; picture-in-picture; web-share\" referrerpolicy=\"strict-origin-when-cross-origin\" allowfullscreen><\/iframe>\n<\/div><\/figure>\n\n\n\n<p><strong>Entrada: 2,50\u20ac. No es necesaria reserva previa.<\/strong><\/p>\n","protected":false},"excerpt":{"rendered":"<p>Este domingo 28 de noviembre a partir de las 18:00 horas disfruta, en el Sal\u00f3n de Actos del Centro Cultural Ram\u00f3n Pelayo, de una nueva sesi\u00f3n de filmoteca con: Y [&hellip;]<\/p>\n","protected":false},"author":4,"featured_media":0,"comment_status":"closed","ping_status":"closed","sticky":false,"template":"","format":"standard","meta":{"footnotes":""},"categories":[37,59,43],"tags":[104,116,117],"class_list":["post-10874","post","type-post","status-publish","format-standard","hentry","category-centro-cultural","category-cultura","category-filmoteca","tag-centro-cultural","tag-cine","tag-filmoteca"],"_links":{"self":[{"href":"https:\/\/mediocudeyo.es\/web\/wp-json\/wp\/v2\/posts\/10874"}],"collection":[{"href":"https:\/\/mediocudeyo.es\/web\/wp-json\/wp\/v2\/posts"}],"about":[{"href":"https:\/\/mediocudeyo.es\/web\/wp-json\/wp\/v2\/types\/post"}],"author":[{"embeddable":true,"href":"https:\/\/mediocudeyo.es\/web\/wp-json\/wp\/v2\/users\/4"}],"replies":[{"embeddable":true,"href":"https:\/\/mediocudeyo.es\/web\/wp-json\/wp\/v2\/comments?post=10874"}],"version-history":[{"count":0,"href":"https:\/\/mediocudeyo.es\/web\/wp-json\/wp\/v2\/posts\/10874\/revisions"}],"wp:attachment":[{"href":"https:\/\/mediocudeyo.es\/web\/wp-json\/wp\/v2\/media?parent=10874"}],"wp:term":[{"taxonomy":"category","embeddable":true,"href":"https:\/\/mediocudeyo.es\/web\/wp-json\/wp\/v2\/categories?post=10874"},{"taxonomy":"post_tag","embeddable":true,"href":"https:\/\/mediocudeyo.es\/web\/wp-json\/wp\/v2\/tags?post=10874"}],"curies":[{"name":"wp","href":"https:\/\/api.w.org\/{rel}","templated":true}]}}