{"id":1092,"date":"2017-01-02T16:55:20","date_gmt":"2017-01-02T15:55:20","guid":{"rendered":"http:\/\/mediocudeyo.es\/web\/?p=1092"},"modified":"2017-01-02T16:55:20","modified_gmt":"2017-01-02T15:55:20","slug":"el-jueves-dia5-el-centro-cultural-ramon-pelayo-cerrara-al-publico-a-partir-de-las-1730-h","status":"publish","type":"post","link":"https:\/\/mediocudeyo.es\/web\/el-jueves-dia5-el-centro-cultural-ramon-pelayo-cerrara-al-publico-a-partir-de-las-1730-h\/","title":{"rendered":"EL JUEVES D\u00cdA 5 EL CENTRO CULTURAL RAM\u00d3N PELAYO CERRAR\u00c1 AL P\u00daBLICO A PARTIR DE LAS 17:30 H."},"content":{"rendered":"<p><img fetchpriority=\"high\" decoding=\"async\" class=\"alignnone size-full wp-image-724\" src=\"http:\/\/mediocudeyo.es\/web\/wp-content\/uploads\/2016\/10\/cerrado.jpg\" alt=\"cerrado\" width=\"450\" height=\"280\" \/><\/p>\n<p>Con motivo de la llegada a Medio Cudeyo de S.S. M.M. los Reyes Magos de Oriente el Centro Cultural cerrar\u00e1 al p\u00fablico a partir de las 17.30 h.<\/p>\n<p>&nbsp;<\/p>\n","protected":false},"excerpt":{"rendered":"<p>Con motivo de la llegada a Medio Cudeyo de S.S. M.M. los Reyes Magos de Oriente el Centro Cultural cerrar\u00e1 al p\u00fablico a partir de las 17.30 h. &nbsp;<\/p>\n","protected":false},"author":4,"featured_media":0,"comment_status":"closed","ping_status":"closed","sticky":false,"template":"","format":"standard","meta":{"footnotes":""},"categories":[59],"tags":[58,61],"class_list":["post-1092","post","type-post","status-publish","format-standard","hentry","category-cultura","tag-centro-cultural-ramon-pelayo","tag-navidad"],"_links":{"self":[{"href":"https:\/\/mediocudeyo.es\/web\/wp-json\/wp\/v2\/posts\/1092"}],"collection":[{"href":"https:\/\/mediocudeyo.es\/web\/wp-json\/wp\/v2\/posts"}],"about":[{"href":"https:\/\/mediocudeyo.es\/web\/wp-json\/wp\/v2\/types\/post"}],"author":[{"embeddable":true,"href":"https:\/\/mediocudeyo.es\/web\/wp-json\/wp\/v2\/users\/4"}],"replies":[{"embeddable":true,"href":"https:\/\/mediocudeyo.es\/web\/wp-json\/wp\/v2\/comments?post=1092"}],"version-history":[{"count":0,"href":"https:\/\/mediocudeyo.es\/web\/wp-json\/wp\/v2\/posts\/1092\/revisions"}],"wp:attachment":[{"href":"https:\/\/mediocudeyo.es\/web\/wp-json\/wp\/v2\/media?parent=1092"}],"wp:term":[{"taxonomy":"category","embeddable":true,"href":"https:\/\/mediocudeyo.es\/web\/wp-json\/wp\/v2\/categories?post=1092"},{"taxonomy":"post_tag","embeddable":true,"href":"https:\/\/mediocudeyo.es\/web\/wp-json\/wp\/v2\/tags?post=1092"}],"curies":[{"name":"wp","href":"https:\/\/api.w.org\/{rel}","templated":true}]}}