{"id":10997,"date":"2021-12-07T09:24:14","date_gmt":"2021-12-07T08:24:14","guid":{"rendered":"http:\/\/mediocudeyo.es\/web\/?p=10997"},"modified":"2021-12-07T09:24:14","modified_gmt":"2021-12-07T08:24:14","slug":"taller-de-navidad","status":"publish","type":"post","link":"https:\/\/mediocudeyo.es\/web\/taller-de-navidad\/","title":{"rendered":"Taller de Navidad"},"content":{"rendered":"\n<p>Tengas la edad que tengas, nos encantar\u00eda que decoraras el Centro Cultural con nosotr@s <\/p>\n\n\n\n<p>Por eso hemos preparado talleres de decoraci\u00f3n para todas las edades, juntos haremos que esta navidad sea a\u00fan m\u00e1s especial en nuestro Centro Cultural.<\/p>\n\n\n\n<figure class=\"wp-block-image\"><img decoding=\"async\" src=\"http:\/\/mediocudeyo.es\/web\/wp-content\/uploads\/2021\/12\/TALLER-DE-NAVIDAD.-Cartel-JPG-724x1024.jpg\" alt=\"\" class=\"wp-image-10998\"\/><\/figure>\n\n\n\n<p>Es necesaria inscripci\u00f3n previa <strong><em>(abierta desde el 3 de diciembre hasta el mismo d\u00eda de cada taller a las 12 horas)<\/em><\/strong>. Centro Cultural Ram\u00f3n Pelayo:<\/p>\n\n\n\n<p> centrocultural@mediocudeyo.es<\/p>\n\n\n\n<p> y whatsApp: 942 52 26 85\n\n<\/p>\n","protected":false},"excerpt":{"rendered":"<p>Tengas la edad que tengas, nos encantar\u00eda que decoraras el Centro Cultural con nosotr@s Por eso hemos preparado talleres de decoraci\u00f3n para todas las edades, juntos haremos que esta navidad [&hellip;]<\/p>\n","protected":false},"author":4,"featured_media":0,"comment_status":"closed","ping_status":"closed","sticky":false,"template":"","format":"standard","meta":{"footnotes":""},"categories":[37,48,49],"tags":[492,61,66],"class_list":["post-10997","post","type-post","status-publish","format-standard","hentry","category-centro-cultural","category-infantil","category-juventud","tag-adornos","tag-navidad","tag-talleres"],"_links":{"self":[{"href":"https:\/\/mediocudeyo.es\/web\/wp-json\/wp\/v2\/posts\/10997"}],"collection":[{"href":"https:\/\/mediocudeyo.es\/web\/wp-json\/wp\/v2\/posts"}],"about":[{"href":"https:\/\/mediocudeyo.es\/web\/wp-json\/wp\/v2\/types\/post"}],"author":[{"embeddable":true,"href":"https:\/\/mediocudeyo.es\/web\/wp-json\/wp\/v2\/users\/4"}],"replies":[{"embeddable":true,"href":"https:\/\/mediocudeyo.es\/web\/wp-json\/wp\/v2\/comments?post=10997"}],"version-history":[{"count":0,"href":"https:\/\/mediocudeyo.es\/web\/wp-json\/wp\/v2\/posts\/10997\/revisions"}],"wp:attachment":[{"href":"https:\/\/mediocudeyo.es\/web\/wp-json\/wp\/v2\/media?parent=10997"}],"wp:term":[{"taxonomy":"category","embeddable":true,"href":"https:\/\/mediocudeyo.es\/web\/wp-json\/wp\/v2\/categories?post=10997"},{"taxonomy":"post_tag","embeddable":true,"href":"https:\/\/mediocudeyo.es\/web\/wp-json\/wp\/v2\/tags?post=10997"}],"curies":[{"name":"wp","href":"https:\/\/api.w.org\/{rel}","templated":true}]}}