{"id":11001,"date":"2021-12-07T09:29:57","date_gmt":"2021-12-07T08:29:57","guid":{"rendered":"http:\/\/mediocudeyo.es\/web\/?p=11001"},"modified":"2021-12-07T09:29:57","modified_gmt":"2021-12-07T08:29:57","slug":"presentacion-del-libro-practicando-el-contento-de-virginia-carrera","status":"publish","type":"post","link":"https:\/\/mediocudeyo.es\/web\/presentacion-del-libro-practicando-el-contento-de-virginia-carrera\/","title":{"rendered":"presentaci\u00f3n del libro &#8216;practicando el contento&#8217; de Virginia Carrera"},"content":{"rendered":"\n<p>La <strong>Asociaci\u00f3n Cultural Amasol <\/strong>trae al <strong>Centro Cultural Ram\u00f3n Pelayo<\/strong> la presentaci\u00f3n del libro: Practicando el contento, de <strong>Virginia Carrera.<\/strong><\/p>\n\n\n\n<p>Con extrema sencillez, <strong><em>\u201cPracticando el Contento\u201d <\/em><\/strong>te propone una serie de ejercicios, gestos, acciones, que te llevar\u00e1n, desde la sonrisa, la mirada, el asombro, el perd\u00f3n, la aceptaci\u00f3n\u2026 a recordar el camino de vuelta al Ser feliz que eres. \u00bfTe vienes? <\/p>\n\n\n\n<ul class=\"wp-block-gallery columns-1 is-cropped wp-block-gallery-1 is-layout-flex wp-block-gallery-is-layout-flex\"><li class=\"blocks-gallery-item\"><figure><img decoding=\"async\" src=\"http:\/\/mediocudeyo.es\/web\/wp-content\/uploads\/2021\/12\/263756183_4534002953302178_490314817895091697_n-1024x724.jpg\" alt=\"\" data-id=\"11004\" data-link=\"http:\/\/mediocudeyo.es\/web\/?attachment_id=11004\" class=\"wp-image-11004\"\/><\/figure><\/li><\/ul>\n\n\n\n<p>Te esperamos el pr\u00f3ximo 15 de diciembre a  las 19:00 horas. Reserva tu invitaci\u00f3n en el Centro Cultural Ram\u00f3n Pelayo:<\/p>\n\n\n\n<p> centrocultural@mediocudeyo.es<\/p>\n\n\n\n<p> y whatsApp: 942 52 26 85\n\n<\/p>\n","protected":false},"excerpt":{"rendered":"<p>La Asociaci\u00f3n Cultural Amasol trae al Centro Cultural Ram\u00f3n Pelayo la presentaci\u00f3n del libro: Practicando el contento, de Virginia Carrera. Con extrema sencillez, \u201cPracticando el Contento\u201d te propone una serie [&hellip;]<\/p>\n","protected":false},"author":4,"featured_media":0,"comment_status":"closed","ping_status":"closed","sticky":false,"template":"","format":"standard","meta":{"footnotes":""},"categories":[35,37],"tags":[84,85,155],"class_list":["post-11001","post","type-post","status-publish","format-standard","hentry","category-biblioteca","category-centro-cultural","tag-biblioteca","tag-libros","tag-presentacion-libro"],"_links":{"self":[{"href":"https:\/\/mediocudeyo.es\/web\/wp-json\/wp\/v2\/posts\/11001"}],"collection":[{"href":"https:\/\/mediocudeyo.es\/web\/wp-json\/wp\/v2\/posts"}],"about":[{"href":"https:\/\/mediocudeyo.es\/web\/wp-json\/wp\/v2\/types\/post"}],"author":[{"embeddable":true,"href":"https:\/\/mediocudeyo.es\/web\/wp-json\/wp\/v2\/users\/4"}],"replies":[{"embeddable":true,"href":"https:\/\/mediocudeyo.es\/web\/wp-json\/wp\/v2\/comments?post=11001"}],"version-history":[{"count":0,"href":"https:\/\/mediocudeyo.es\/web\/wp-json\/wp\/v2\/posts\/11001\/revisions"}],"wp:attachment":[{"href":"https:\/\/mediocudeyo.es\/web\/wp-json\/wp\/v2\/media?parent=11001"}],"wp:term":[{"taxonomy":"category","embeddable":true,"href":"https:\/\/mediocudeyo.es\/web\/wp-json\/wp\/v2\/categories?post=11001"},{"taxonomy":"post_tag","embeddable":true,"href":"https:\/\/mediocudeyo.es\/web\/wp-json\/wp\/v2\/tags?post=11001"}],"curies":[{"name":"wp","href":"https:\/\/api.w.org\/{rel}","templated":true}]}}