{"id":11016,"date":"2021-12-09T19:58:42","date_gmt":"2021-12-09T18:58:42","guid":{"rendered":"http:\/\/mediocudeyo.es\/web\/?p=11016"},"modified":"2021-12-09T19:58:42","modified_gmt":"2021-12-09T18:58:42","slug":"filmoteca-the-father","status":"publish","type":"post","link":"https:\/\/mediocudeyo.es\/web\/filmoteca-the-father\/","title":{"rendered":"FILMOTECA: THE FATHER"},"content":{"rendered":"\n<p>Domingos de cine en el Centro Cultural Ram\u00f3n Pelayo.<\/p>\n\n\n\n<p>La Filmoteca Regional nos trae esta semana: The Father (Bulgaria).<\/p>\n\n\n\n<figure class=\"wp-block-image\"><img decoding=\"async\" src=\"http:\/\/mediocudeyo.es\/web\/wp-content\/uploads\/2021\/12\/FILMOTECA-724x1024.jpg\" alt=\"\" class=\"wp-image-11017\"\/><\/figure>\n\n\n\n<p>El d\u00eda siguiente al fallecimiento de Valentina, su desconsolado marido Vassil y su hijo Pavel descubren que la difunta realiza llamadas al tel\u00e9fono de una vecina. Vassil, que es un cr\u00e9dulo aficionado a los fen\u00f3menos paranormales, emprende un viaje con el fin de entrevistarse con un reputado parapsic\u00f3logo. Su determinaci\u00f3n termina por obligar a su hijo, del que se encuentra distanciado, a acompa\u00f1arlo para evitar que su anciano padre, que no parece estar enteramente en sus cabales, corra peligro.<\/p>\n\n\n\n<figure class=\"wp-block-embed-youtube wp-block-embed is-type-video is-provider-youtube wp-embed-aspect-16-9 wp-has-aspect-ratio\"><div class=\"wp-block-embed__wrapper\">\nhttps:\/\/www.youtube.com\/watch?v=KY2vqPjevpU\n<\/div><\/figure>\n\n\n\n<p>&#x1f4c6;Domingo 5 de diciembre. 18:00 horas.<br>\n&#x1f4b5;Precio \u00fanico: 2,50\u20ac. No es necesaria reserva previa<\/p>\n\n\n\n<p>&#x1f637;Medidas de seguridad:<br>\n&#x23fa;Entrada y salida escalonada.<br>\n&#x23fa;Aforo preservando la distancia interpersonal (1 butaca)<br>\n&#x23fa;Uso de mascarilla durante todo el espect\u00e1culo.<br>\n&#x23fa;Uso de gel hidro-alcoh\u00f3lico a la entrada al edificio.<\/p>\n","protected":false},"excerpt":{"rendered":"<p>Domingos de cine en el Centro Cultural Ram\u00f3n Pelayo. La Filmoteca Regional nos trae esta semana: The Father (Bulgaria). El d\u00eda siguiente al fallecimiento de Valentina, su desconsolado marido Vassil [&hellip;]<\/p>\n","protected":false},"author":4,"featured_media":0,"comment_status":"closed","ping_status":"closed","sticky":false,"template":"","format":"standard","meta":{"footnotes":""},"categories":[37,43],"tags":[58,116,117],"class_list":["post-11016","post","type-post","status-publish","format-standard","hentry","category-centro-cultural","category-filmoteca","tag-centro-cultural-ramon-pelayo","tag-cine","tag-filmoteca"],"_links":{"self":[{"href":"https:\/\/mediocudeyo.es\/web\/wp-json\/wp\/v2\/posts\/11016"}],"collection":[{"href":"https:\/\/mediocudeyo.es\/web\/wp-json\/wp\/v2\/posts"}],"about":[{"href":"https:\/\/mediocudeyo.es\/web\/wp-json\/wp\/v2\/types\/post"}],"author":[{"embeddable":true,"href":"https:\/\/mediocudeyo.es\/web\/wp-json\/wp\/v2\/users\/4"}],"replies":[{"embeddable":true,"href":"https:\/\/mediocudeyo.es\/web\/wp-json\/wp\/v2\/comments?post=11016"}],"version-history":[{"count":0,"href":"https:\/\/mediocudeyo.es\/web\/wp-json\/wp\/v2\/posts\/11016\/revisions"}],"wp:attachment":[{"href":"https:\/\/mediocudeyo.es\/web\/wp-json\/wp\/v2\/media?parent=11016"}],"wp:term":[{"taxonomy":"category","embeddable":true,"href":"https:\/\/mediocudeyo.es\/web\/wp-json\/wp\/v2\/categories?post=11016"},{"taxonomy":"post_tag","embeddable":true,"href":"https:\/\/mediocudeyo.es\/web\/wp-json\/wp\/v2\/tags?post=11016"}],"curies":[{"name":"wp","href":"https:\/\/api.w.org\/{rel}","templated":true}]}}