{"id":1102,"date":"2017-01-10T09:07:51","date_gmt":"2017-01-10T08:07:51","guid":{"rendered":"http:\/\/mediocudeyo.es\/web\/?p=1102"},"modified":"2017-01-10T09:07:51","modified_gmt":"2017-01-10T08:07:51","slug":"filmoteca-la-punta-del-iceberg","status":"publish","type":"post","link":"https:\/\/mediocudeyo.es\/web\/filmoteca-la-punta-del-iceberg\/","title":{"rendered":"FILMOTECA: La punta del iceberg"},"content":{"rendered":"<p><img fetchpriority=\"high\" decoding=\"async\" class=\"alignnone size-large wp-image-1103\" src=\"http:\/\/mediocudeyo.es\/web\/wp-content\/uploads\/2017\/01\/la_punta_del_iceberg-812930135-large-719x1024.jpg\" alt=\"la_punta_del_iceberg-812930135-large\" width=\"474\" height=\"675\" \/>Lunes 16 de enero, 20:00 h.\u00a0 Centro Cultural Ram\u00f3n Pelayo (Solares). Precio \u00fanico: 2.50\u20ac<\/p>\n<p><!--more--><\/p>\n<ul>\n<li><strong>Dirigida por:<\/strong> DAVID C\u00c1NOVAS , 2015<\/li>\n<li><strong>Calificaci\u00f3n:<\/strong> NO RECOMENDADA PARA MENORES DE DIECIS\u00c9IS A\u00d1OS<\/li>\n<li><strong>Nacionalidad:<\/strong> ESPA\u00d1OLA<\/li>\n<li><strong>Pa\u00edses participantes:<\/strong><br \/>\nESPA\u00d1A<\/li>\n<li><strong>G\u00e9nero :<\/strong> Thriller<\/li>\n<li><strong>Fecha de estreno :<\/strong> 25 de abril de 2016<\/li>\n<li><strong>Premios :<\/strong>19 Festival de M\u00e1laga. Cine Espa\u00f1ol 2016 &#8212; Premio SIGNIS.<\/li>\n<li><strong>Int\u00e9rpretes:<\/strong> MARIBEL VERD\u00da (Sofia) , CARMELO G\u00d3MEZ (Alejandro) , FERNANDO CAYO (Fresno) , B\u00c1RBARA GOENAGA (Gabriela) , ALEX GARC\u00cdA (Jaime Salas) , GIN\u00c9S GARC\u00cdA MILL\u00c1N (Miralles) , CARLO D&#8217;URSI (Enzo) , JES\u00daS CASTEJ\u00d3N (Carmelo) , NIEVE DE MEDINA (Susana)<\/li>\n<\/ul>\n<h4>Sinopsis<\/h4>\n<p>Una gran empresa multinacional se ve sacudida por el suicidio de tres de sus empleados. Sof\u00eda Cuevas (Maribel Verd\u00fa), alto cargo de la compa\u00f1\u00eda, es la encargada de llevar a cabo un informe interno que trate de aclarar lo sucedido. En sus encuentros con los trabajadores ir\u00e1 descubriendo abusos de poder, mentiras encubiertas y un ambiente laboral enfermizo&#8230;<\/p>\n<p><a href=\"https:\/\/www.youtube.com\/watch?v=G7PrL9IZJbk\" data-rel=\"lightbox-video-0\">TRAILER \u00abLA PUNTA DEL ICEBERG\u00bb<\/a><\/p>\n<p>&nbsp;<\/p>\n","protected":false},"excerpt":{"rendered":"<p>Lunes 16 de enero, 20:00 h.\u00a0 Centro Cultural Ram\u00f3n Pelayo (Solares). Precio \u00fanico: 2.50\u20ac<\/p>\n","protected":false},"author":4,"featured_media":0,"comment_status":"closed","ping_status":"closed","sticky":false,"template":"","format":"standard","meta":{"footnotes":""},"categories":[59],"tags":[58,116,117],"class_list":["post-1102","post","type-post","status-publish","format-standard","hentry","category-cultura","tag-centro-cultural-ramon-pelayo","tag-cine","tag-filmoteca"],"_links":{"self":[{"href":"https:\/\/mediocudeyo.es\/web\/wp-json\/wp\/v2\/posts\/1102"}],"collection":[{"href":"https:\/\/mediocudeyo.es\/web\/wp-json\/wp\/v2\/posts"}],"about":[{"href":"https:\/\/mediocudeyo.es\/web\/wp-json\/wp\/v2\/types\/post"}],"author":[{"embeddable":true,"href":"https:\/\/mediocudeyo.es\/web\/wp-json\/wp\/v2\/users\/4"}],"replies":[{"embeddable":true,"href":"https:\/\/mediocudeyo.es\/web\/wp-json\/wp\/v2\/comments?post=1102"}],"version-history":[{"count":0,"href":"https:\/\/mediocudeyo.es\/web\/wp-json\/wp\/v2\/posts\/1102\/revisions"}],"wp:attachment":[{"href":"https:\/\/mediocudeyo.es\/web\/wp-json\/wp\/v2\/media?parent=1102"}],"wp:term":[{"taxonomy":"category","embeddable":true,"href":"https:\/\/mediocudeyo.es\/web\/wp-json\/wp\/v2\/categories?post=1102"},{"taxonomy":"post_tag","embeddable":true,"href":"https:\/\/mediocudeyo.es\/web\/wp-json\/wp\/v2\/tags?post=1102"}],"curies":[{"name":"wp","href":"https:\/\/api.w.org\/{rel}","templated":true}]}}