{"id":11024,"date":"2021-12-10T10:05:53","date_gmt":"2021-12-10T09:05:53","guid":{"rendered":"http:\/\/mediocudeyo.es\/web\/?p=11024"},"modified":"2021-12-10T10:05:53","modified_gmt":"2021-12-10T09:05:53","slug":"campus-conciliacion-navidad-2021-2022","status":"publish","type":"post","link":"https:\/\/mediocudeyo.es\/web\/campus-conciliacion-navidad-2021-2022\/","title":{"rendered":"Campus conciliaci\u00f3n Navidad 2021\/2022"},"content":{"rendered":"\n<p>Ya est\u00e1 abierto el plazo de inscripci\u00f3n para el Programa de Conciliaci\u00f3n de Navidad 2021 &#8211; 2022.<\/p>\n\n\n\n<p>La actividad se llevar\u00e1 a cabo los d\u00edas  27, 28, 29 y 30 de diciembre 2021 y 3, 4, 5 y 7 de enero de 2022.  Como en anteriores ocasiones el horario ser\u00e1 de 8:00 a 14:00 horas, no incluyendo el servicio de comedor, y pudiendo elegir la hora de entrada a las 8:00 horas o a las 9:00 horas.<\/p>\n\n\n\n<figure class=\"wp-block-image\"><img decoding=\"async\" src=\"http:\/\/mediocudeyo.es\/web\/wp-content\/uploads\/2021\/12\/Cartel-navidad-2021-1-724x1024.png\" alt=\"\" class=\"wp-image-11035\"\/><\/figure>\n\n\n\n<p>Consulta las condiciones del servicio y descarga la solicitud <strong><a href=\"http:\/\/mediocudeyo.es\/web\/wp-content\/uploads\/2021\/12\/IMPRESO-DE-SOLICITUD-PROGRAMA-CONCILIACI\u00d3N_-Navidad-2021.docx\">AQU\u00cd<\/a><\/strong>.<\/p>\n\n\n\n<p>Descarga la declaraci\u00f3n responsable COVID <strong><a href=\"http:\/\/mediocudeyo.es\/web\/wp-content\/uploads\/2021\/12\/DECLARACI\u00d3N-RESPONSABLE-navidad-2021.docx\">AQU\u00cd<\/a><\/strong><\/p>\n\n\n\n<p>Las plazas pueden solicitarse desde el viernes 10 de diciembre al lunes 20 de diciembre, ambos incluidos. La lista de admitid@s se publicar\u00e1 el 21 de diciembre y el periodo de pago se abrir\u00e1 desde ese mismo d\u00eda hasta el jueves 23.<\/p>\n\n\n\n<p><strong>M\u00e1s informaci\u00f3n<\/strong>: Centro Cultural Ram\u00f3n Pelayo 942 522 685 \/ centrocultural@mediocudeyo.es<\/p>\n","protected":false},"excerpt":{"rendered":"<p>Ya est\u00e1 abierto el plazo de inscripci\u00f3n para el Programa de Conciliaci\u00f3n de Navidad 2021 &#8211; 2022. La actividad se llevar\u00e1 a cabo los d\u00edas 27, 28, 29 y 30 [&hellip;]<\/p>\n","protected":false},"author":4,"featured_media":0,"comment_status":"closed","ping_status":"closed","sticky":false,"template":"","format":"standard","meta":{"footnotes":""},"categories":[39,48],"tags":[463,109,401,407,493,61],"class_list":["post-11024","post","type-post","status-publish","format-standard","hentry","category-educacion","category-infantil","tag-campus","tag-conciliacion","tag-familias","tag-infancia","tag-ludoteca","tag-navidad"],"_links":{"self":[{"href":"https:\/\/mediocudeyo.es\/web\/wp-json\/wp\/v2\/posts\/11024"}],"collection":[{"href":"https:\/\/mediocudeyo.es\/web\/wp-json\/wp\/v2\/posts"}],"about":[{"href":"https:\/\/mediocudeyo.es\/web\/wp-json\/wp\/v2\/types\/post"}],"author":[{"embeddable":true,"href":"https:\/\/mediocudeyo.es\/web\/wp-json\/wp\/v2\/users\/4"}],"replies":[{"embeddable":true,"href":"https:\/\/mediocudeyo.es\/web\/wp-json\/wp\/v2\/comments?post=11024"}],"version-history":[{"count":0,"href":"https:\/\/mediocudeyo.es\/web\/wp-json\/wp\/v2\/posts\/11024\/revisions"}],"wp:attachment":[{"href":"https:\/\/mediocudeyo.es\/web\/wp-json\/wp\/v2\/media?parent=11024"}],"wp:term":[{"taxonomy":"category","embeddable":true,"href":"https:\/\/mediocudeyo.es\/web\/wp-json\/wp\/v2\/categories?post=11024"},{"taxonomy":"post_tag","embeddable":true,"href":"https:\/\/mediocudeyo.es\/web\/wp-json\/wp\/v2\/tags?post=11024"}],"curies":[{"name":"wp","href":"https:\/\/api.w.org\/{rel}","templated":true}]}}