{"id":11044,"date":"2021-12-15T10:45:44","date_gmt":"2021-12-15T09:45:44","guid":{"rendered":"http:\/\/mediocudeyo.es\/web\/?p=11044"},"modified":"2021-12-15T10:45:44","modified_gmt":"2021-12-15T09:45:44","slug":"animacion-a-la-lectura-9","status":"publish","type":"post","link":"https:\/\/mediocudeyo.es\/web\/animacion-a-la-lectura-9\/","title":{"rendered":"ANIMACI\u00d3N A LA LECTURA"},"content":{"rendered":"\n<p> No te pierdas la \u00faltima sesi\u00f3n de animaci\u00f3n a la lectura de este 2021 en la Biblioteca este viernes 17 de diciembre \u00a1Adem\u00e1s en ingl\u00e9s! <\/p>\n\n\n\n<figure class=\"wp-block-image\"><img decoding=\"async\" src=\"http:\/\/mediocudeyo.es\/web\/wp-content\/uploads\/2021\/12\/Post-Instagram-sorteo1-1024x1024.png\" alt=\"\" class=\"wp-image-11045\"\/><\/figure>\n\n\n\n<p>Lee, juega y aprende en esta divertida actividad.Plazas limitadas en cada turno:  17:30 horas &#8211; Infantil \/ 18:30 horas &#8211; primaria.<\/p>\n\n\n\n<p>Reserva de plaza (GRATUITA) hasta el jueves 16 (a las 12 horas) en el Centro Cultural Ram\u00f3n Pelayo:  942 52 26 85 (Tambi\u00e9n por whatsapp al mismo n\u00famero) &#8211; Centrocultural@mediocudeyo.es<\/p>\n\n\n\n<p>El viernes a partir de las 12 se llamar\u00e1 para confirmar plaza s\u00f3lo a las personas que la hayan obtenido.&#xfe0f;<\/p>\n\n\n\n<p>Para realizar la reserva es necesario aportar los siguientes datos de: nombre completo, edad, tel\u00e9fono de contacto y municipio de  empadronamiento.<\/p>\n\n\n\n<p> Y durante el mes de diciembre atent@s a nuestras redes sociales, donde iremos colgando las recomendaciones lectoras para todas las edades.<\/p>\n\n\n\n<figure class=\"wp-block-image\"><img decoding=\"async\" src=\"http:\/\/mediocudeyo.es\/web\/wp-content\/uploads\/2021\/12\/BIBLIOTECA.-Animaci\u00f3n-a-la-lectura-y-recomendaciones-lectoras-CARTEL-JPG-724x1024.jpg\" alt=\"\" class=\"wp-image-11046\"\/><\/figure>\n","protected":false},"excerpt":{"rendered":"<p>No te pierdas la \u00faltima sesi\u00f3n de animaci\u00f3n a la lectura de este 2021 en la Biblioteca este viernes 17 de diciembre \u00a1Adem\u00e1s en ingl\u00e9s! Lee, juega y aprende en [&hellip;]<\/p>\n","protected":false},"author":4,"featured_media":0,"comment_status":"closed","ping_status":"closed","sticky":false,"template":"","format":"standard","meta":{"footnotes":""},"categories":[35,37,48],"tags":[178,84,497],"class_list":["post-11044","post","type-post","status-publish","format-standard","hentry","category-biblioteca","category-centro-cultural","category-infantil","tag-animacion-a-la-lectura","tag-biblioteca","tag-recomendaciones-lectoras"],"_links":{"self":[{"href":"https:\/\/mediocudeyo.es\/web\/wp-json\/wp\/v2\/posts\/11044"}],"collection":[{"href":"https:\/\/mediocudeyo.es\/web\/wp-json\/wp\/v2\/posts"}],"about":[{"href":"https:\/\/mediocudeyo.es\/web\/wp-json\/wp\/v2\/types\/post"}],"author":[{"embeddable":true,"href":"https:\/\/mediocudeyo.es\/web\/wp-json\/wp\/v2\/users\/4"}],"replies":[{"embeddable":true,"href":"https:\/\/mediocudeyo.es\/web\/wp-json\/wp\/v2\/comments?post=11044"}],"version-history":[{"count":0,"href":"https:\/\/mediocudeyo.es\/web\/wp-json\/wp\/v2\/posts\/11044\/revisions"}],"wp:attachment":[{"href":"https:\/\/mediocudeyo.es\/web\/wp-json\/wp\/v2\/media?parent=11044"}],"wp:term":[{"taxonomy":"category","embeddable":true,"href":"https:\/\/mediocudeyo.es\/web\/wp-json\/wp\/v2\/categories?post=11044"},{"taxonomy":"post_tag","embeddable":true,"href":"https:\/\/mediocudeyo.es\/web\/wp-json\/wp\/v2\/tags?post=11044"}],"curies":[{"name":"wp","href":"https:\/\/api.w.org\/{rel}","templated":true}]}}