{"id":11051,"date":"2021-12-16T18:03:24","date_gmt":"2021-12-16T17:03:24","guid":{"rendered":"http:\/\/mediocudeyo.es\/web\/?p=11051"},"modified":"2021-12-16T18:03:24","modified_gmt":"2021-12-16T17:03:24","slug":"recepcion-de-papa-noel-2","status":"publish","type":"post","link":"https:\/\/mediocudeyo.es\/web\/recepcion-de-papa-noel-2\/","title":{"rendered":"Recepci\u00f3n de Santa Claus"},"content":{"rendered":"\n<p>Santa Claus llega tambi\u00e9n al Centro Cultural Ram\u00f3n Pelayo. El pr\u00f3ximo viernes 24 de diciembre  recibir\u00e1 a los ni\u00f1os y ni\u00f1as para escuchar sus peticiones en persona en un evento muy especial. <\/p>\n\n\n\n<p>Si quieres acompa\u00f1arles puedes reservar invitaci\u00f3n a partir del lunes 20 de diciembre en el Centro Cultural, \u00a1No os olvid\u00e9is de traer la carta para dejarla en su buz\u00f3n!: <\/p>\n\n\n\n<p>942 52 26 85 (Tambi\u00e9n por whatsapp al mismo n\u00famero) &#8211; Centrocultural@mediocudeyo.es <\/p>\n\n\n\n<p>IMPORTANTE: S\u00f3lo se puede reservar una invitaci\u00f3n de adulto por unidad familiar, para que el m\u00e1ximo n\u00famero de ni\u00d1@s puedan disfrutar de este fant\u00e1stico momento <\/p>\n\n\n\n<figure class=\"wp-block-image\"><img decoding=\"async\" src=\"http:\/\/mediocudeyo.es\/web\/wp-content\/uploads\/2021\/12\/NAVIDAD.-Recepci\u00f3n-santa-Klaus-CARTEL-JPG-724x1024.jpg\" alt=\"\" class=\"wp-image-11052\"\/><\/figure>\n","protected":false},"excerpt":{"rendered":"<p>Santa Claus llega tambi\u00e9n al Centro Cultural Ram\u00f3n Pelayo. El pr\u00f3ximo viernes 24 de diciembre recibir\u00e1 a los ni\u00f1os y ni\u00f1as para escuchar sus peticiones en persona en un evento [&hellip;]<\/p>\n","protected":false},"author":4,"featured_media":0,"comment_status":"closed","ping_status":"closed","sticky":false,"template":"","format":"standard","meta":{"footnotes":""},"categories":[37,41,48],"tags":[58,61,257],"class_list":["post-11051","post","type-post","status-publish","format-standard","hentry","category-centro-cultural","category-familia","category-infantil","tag-centro-cultural-ramon-pelayo","tag-navidad","tag-papa-noel"],"_links":{"self":[{"href":"https:\/\/mediocudeyo.es\/web\/wp-json\/wp\/v2\/posts\/11051"}],"collection":[{"href":"https:\/\/mediocudeyo.es\/web\/wp-json\/wp\/v2\/posts"}],"about":[{"href":"https:\/\/mediocudeyo.es\/web\/wp-json\/wp\/v2\/types\/post"}],"author":[{"embeddable":true,"href":"https:\/\/mediocudeyo.es\/web\/wp-json\/wp\/v2\/users\/4"}],"replies":[{"embeddable":true,"href":"https:\/\/mediocudeyo.es\/web\/wp-json\/wp\/v2\/comments?post=11051"}],"version-history":[{"count":0,"href":"https:\/\/mediocudeyo.es\/web\/wp-json\/wp\/v2\/posts\/11051\/revisions"}],"wp:attachment":[{"href":"https:\/\/mediocudeyo.es\/web\/wp-json\/wp\/v2\/media?parent=11051"}],"wp:term":[{"taxonomy":"category","embeddable":true,"href":"https:\/\/mediocudeyo.es\/web\/wp-json\/wp\/v2\/categories?post=11051"},{"taxonomy":"post_tag","embeddable":true,"href":"https:\/\/mediocudeyo.es\/web\/wp-json\/wp\/v2\/tags?post=11051"}],"curies":[{"name":"wp","href":"https:\/\/api.w.org\/{rel}","templated":true}]}}