{"id":11112,"date":"2022-01-03T14:17:05","date_gmt":"2022-01-03T13:17:05","guid":{"rendered":"http:\/\/mediocudeyo.es\/web\/?p=11112"},"modified":"2022-01-03T14:17:05","modified_gmt":"2022-01-03T13:17:05","slug":"concierto-es-nacido-el-nuevo-adan","status":"publish","type":"post","link":"https:\/\/mediocudeyo.es\/web\/concierto-es-nacido-el-nuevo-adan\/","title":{"rendered":"CONCIERTO \u00abEs nacido el  Nuevo Ad\u00e1n\u00bb"},"content":{"rendered":"\n<p>Adamar, dentro de su recorrido por la polifon\u00eda vocal del Siglo de Oro espa\u00f1ol, realiza\u00a0una parada en el tiempo de Navidad. Nuestra presentaci\u00f3n toma la forma de un Bel\u00e9n sonoro formado por un p\u00f3rtico donde nos encomendamos a La Virgen y 8 escenas musicales que van recorriendo los acontecimientos que la tradici\u00f3n cristiana asigna a este tiempo lit\u00fargico.\u00a0En ellas, daremos una panor\u00e1mica de las diferentes\u00a0 estilos musicales de ese tiempo, desde los grandiosos motetes o himnos hasta los alegres villancicos populares pasando por el espiritual madrigal sacro.<\/p>\n\n\n\n<figure class=\"wp-block-image\"><img decoding=\"async\" src=\"http:\/\/mediocudeyo.es\/web\/wp-content\/uploads\/2022\/01\/ADAMAR-M\u00fasica-iglesia-sta-m\u00aa-cudeyo-CARTEL-JPG-724x1024.jpg\" alt=\"\" class=\"wp-image-11113\"\/><\/figure>\n","protected":false},"excerpt":{"rendered":"<p>Adamar, dentro de su recorrido por la polifon\u00eda vocal del Siglo de Oro espa\u00f1ol, realiza\u00a0una parada en el tiempo de Navidad. Nuestra presentaci\u00f3n toma la forma de un Bel\u00e9n sonoro [&hellip;]<\/p>\n","protected":false},"author":4,"featured_media":0,"comment_status":"closed","ping_status":"closed","sticky":false,"template":"","format":"standard","meta":{"footnotes":""},"categories":[37,59,42],"tags":[],"class_list":["post-11112","post","type-post","status-publish","format-standard","hentry","category-centro-cultural","category-cultura","category-festejos"],"_links":{"self":[{"href":"https:\/\/mediocudeyo.es\/web\/wp-json\/wp\/v2\/posts\/11112"}],"collection":[{"href":"https:\/\/mediocudeyo.es\/web\/wp-json\/wp\/v2\/posts"}],"about":[{"href":"https:\/\/mediocudeyo.es\/web\/wp-json\/wp\/v2\/types\/post"}],"author":[{"embeddable":true,"href":"https:\/\/mediocudeyo.es\/web\/wp-json\/wp\/v2\/users\/4"}],"replies":[{"embeddable":true,"href":"https:\/\/mediocudeyo.es\/web\/wp-json\/wp\/v2\/comments?post=11112"}],"version-history":[{"count":0,"href":"https:\/\/mediocudeyo.es\/web\/wp-json\/wp\/v2\/posts\/11112\/revisions"}],"wp:attachment":[{"href":"https:\/\/mediocudeyo.es\/web\/wp-json\/wp\/v2\/media?parent=11112"}],"wp:term":[{"taxonomy":"category","embeddable":true,"href":"https:\/\/mediocudeyo.es\/web\/wp-json\/wp\/v2\/categories?post=11112"},{"taxonomy":"post_tag","embeddable":true,"href":"https:\/\/mediocudeyo.es\/web\/wp-json\/wp\/v2\/tags?post=11112"}],"curies":[{"name":"wp","href":"https:\/\/api.w.org\/{rel}","templated":true}]}}