{"id":11203,"date":"2022-02-08T10:53:04","date_gmt":"2022-02-08T09:53:04","guid":{"rendered":"http:\/\/mediocudeyo.es\/web\/?p=11203"},"modified":"2022-02-08T10:53:04","modified_gmt":"2022-02-08T09:53:04","slug":"programa-conciliacion-semana-de-invierno-2022","status":"publish","type":"post","link":"https:\/\/mediocudeyo.es\/web\/programa-conciliacion-semana-de-invierno-2022\/","title":{"rendered":"PROGRAMA CONCILIACI\u00d3N: SEMANA DE INVIERNO 2022"},"content":{"rendered":"\n<p>Comienza el periodo para solicitar plaza en la semana de invierno.<\/p>\n\n\n\n<p>Del 8 al 14 de febrero se puede solicitar plaza para la semana de  invierno los d\u00edas 21, 22, 23, 24 y 25 de febrero. En horario de 8-14h<\/p>\n\n\n\n<p>El martes 15 de febrero se publicar\u00e1 la lista de admitido\/as.<\/p>\n\n\n\n<figure class=\"wp-block-image\"><img decoding=\"async\" src=\"http:\/\/mediocudeyo.es\/web\/wp-content\/uploads\/2022\/02\/Cartel-Semana-INVIERNO-2022-724x1024.jpg\" alt=\"\" class=\"wp-image-11204\"\/><\/figure>\n\n\n\n<p>Junto a la solicitud cumplimentada, hay que presentar la siguiente documentaci\u00f3n:<\/p>\n\n\n\n<ul class=\"wp-block-list\"><li>Declaraci\u00f3n responsable<\/li><li>Documentos acreditativos de \nestar trabajando madre\/padre\/tutor en el mismo horario que se desarrolla\n el programa de conciliaci\u00f3n.<\/li><li>Cualquier otro documento acreditativo (familia numerosa, familia monoparental, etc.)<\/li><\/ul>\n\n\n\n<p>La solicitud y la declaraci\u00f3n responsable se pueden descargar en la pesta\u00f1a <a href=\"http:\/\/mediocudeyo.es\/web\/documentos-publicos\/\">DOCUMENTOS P\u00daBLICOS<\/a>.<\/p>\n\n\n\n<p>Para env\u00edo de la documentaci\u00f3n y m\u00e1s informaci\u00f3n:  centrocultural@mediocudeyo.es \/ WhatsApp: 942522685<\/p>\n\n\n\n<p>Presencialmente en el Punto de Informaci\u00f3n Municipal. Horario: lunes a viernes 9:00-14:00h \/ 16:00-20:30h<\/p>\n\n\n\n<p><strong><em>Este programa<\/em><\/strong> <strong><em>se desarrolla &nbsp;en virtud de la subvenci\u00f3n concedida por la  Consejer\u00eda de Universidades, Igualdad, Cultura y Deporte, para el  desarrollo del Plan Corresponsables.<\/em><\/strong><\/p>\n","protected":false},"excerpt":{"rendered":"<p>Comienza el periodo para solicitar plaza en la semana de invierno. Del 8 al 14 de febrero se puede solicitar plaza para la semana de invierno los d\u00edas 21, 22, [&hellip;]<\/p>\n","protected":false},"author":4,"featured_media":0,"comment_status":"closed","ping_status":"closed","sticky":false,"template":"","format":"standard","meta":{"footnotes":""},"categories":[39,41,48,55],"tags":[109,501,401],"class_list":["post-11203","post","type-post","status-publish","format-standard","hentry","category-educacion","category-familia","category-infantil","category-servicios-sociales","tag-conciliacion","tag-corresponsables","tag-familias"],"_links":{"self":[{"href":"https:\/\/mediocudeyo.es\/web\/wp-json\/wp\/v2\/posts\/11203"}],"collection":[{"href":"https:\/\/mediocudeyo.es\/web\/wp-json\/wp\/v2\/posts"}],"about":[{"href":"https:\/\/mediocudeyo.es\/web\/wp-json\/wp\/v2\/types\/post"}],"author":[{"embeddable":true,"href":"https:\/\/mediocudeyo.es\/web\/wp-json\/wp\/v2\/users\/4"}],"replies":[{"embeddable":true,"href":"https:\/\/mediocudeyo.es\/web\/wp-json\/wp\/v2\/comments?post=11203"}],"version-history":[{"count":0,"href":"https:\/\/mediocudeyo.es\/web\/wp-json\/wp\/v2\/posts\/11203\/revisions"}],"wp:attachment":[{"href":"https:\/\/mediocudeyo.es\/web\/wp-json\/wp\/v2\/media?parent=11203"}],"wp:term":[{"taxonomy":"category","embeddable":true,"href":"https:\/\/mediocudeyo.es\/web\/wp-json\/wp\/v2\/categories?post=11203"},{"taxonomy":"post_tag","embeddable":true,"href":"https:\/\/mediocudeyo.es\/web\/wp-json\/wp\/v2\/tags?post=11203"}],"curies":[{"name":"wp","href":"https:\/\/api.w.org\/{rel}","templated":true}]}}