{"id":1122,"date":"2017-01-17T08:26:22","date_gmt":"2017-01-17T07:26:22","guid":{"rendered":"http:\/\/mediocudeyo.es\/web\/?p=1122"},"modified":"2017-01-17T08:26:22","modified_gmt":"2017-01-17T07:26:22","slug":"filmoteca-el-ultimo-adios-de-bette-davis","status":"publish","type":"post","link":"https:\/\/mediocudeyo.es\/web\/filmoteca-el-ultimo-adios-de-bette-davis\/","title":{"rendered":"FILMOTECA: EL \u00daLTIMO ADI\u00d3S DE BETTE DAVIS"},"content":{"rendered":"<p><img fetchpriority=\"high\" decoding=\"async\" class=\"alignnone size-full wp-image-1123\" src=\"http:\/\/mediocudeyo.es\/web\/wp-content\/uploads\/2017\/01\/el_ultimo_adios_de_bette_davis-783043999-large.jpg\" alt=\"el_ultimo_adios_de_bette_davis-783043999-large\" width=\"340\" height=\"486\" \/><\/p>\n<p>Lunes 23 de enero, 20:00 h.\u00a0 Centro Cultural Ram\u00f3n Pelayo (Solares). Precio \u00fanico: 2.50\u20ac<\/p>\n<p><!--more--><\/p>\n<ul>\n<li><strong>Dirigida por:<\/strong> PEDRO GONZ\u00c1LEZ BERM\u00daDEZ , 2014<\/li>\n<li><strong>Calificaci\u00f3n:<\/strong> APTA PARA TODOS LOS P\u00daBLICOS<\/li>\n<li><strong>Nacionalidad:<\/strong> ESPA\u00d1OLA<\/li>\n<li><strong>Pa\u00edses participantes:<\/strong><br \/>\nESPA\u00d1A<\/li>\n<li><strong>G\u00e9nero :<\/strong> Documental<\/li>\n<li><strong>Fecha de estreno :<\/strong> 19 de noviembre de 2014<\/li>\n<li><strong>Productora:<\/strong><br \/>\nTURNER BROADCASTING SYSTEM ESPA\u00d1A, S.L. (www.canaltcm.com)<\/li>\n<li><strong>Int\u00e9rprete:<\/strong> DOCUMENTAL<\/li>\n<\/ul>\n<h4>Sinopsis<\/h4>\n<p>Un documental que reconstruye la visita que Bette Davis realiz\u00f3 al Festival de San Sebasti\u00e1n para recibir el premio Donostia en 1989, una de las grandes leyendas de la historia del Festival. Un documental que reconstruye la visita que la actriz realiz\u00f3 al Festival de San Sebasti\u00e1n para recibir el Premio Donostia en 1989, hace ahora 25 a\u00f1os. Durante seis d\u00edas en su habitaci\u00f3n, planific\u00f3 con detalle sus apariciones p\u00fablicas. Pocos d\u00edas despu\u00e9s de lo que fue la \u00faltima actuaci\u00f3n de una de las grandes estrellas del Hollywood cl\u00e1sico, Bette Davis muri\u00f3 en Par\u00eds. Rodeada de momentos inolvidables, la visita no tard\u00f3 en convertirse en una de las grandes leyendas de la historia del Festival.<\/p>\n<p><a href=\"https:\/\/www.youtube.com\/watch?v=j7pMkupR9ng\" data-rel=\"lightbox-video-0\">TRAILER \u00abEL \u00daLTIMO ADI\u00d3S DE BETTE DAVIS\u00bb<\/a><\/p>\n","protected":false},"excerpt":{"rendered":"<p>Lunes 23 de enero, 20:00 h.\u00a0 Centro Cultural Ram\u00f3n Pelayo (Solares). Precio \u00fanico: 2.50\u20ac<\/p>\n","protected":false},"author":4,"featured_media":0,"comment_status":"closed","ping_status":"closed","sticky":false,"template":"","format":"standard","meta":{"footnotes":""},"categories":[59],"tags":[58,116,117],"class_list":["post-1122","post","type-post","status-publish","format-standard","hentry","category-cultura","tag-centro-cultural-ramon-pelayo","tag-cine","tag-filmoteca"],"_links":{"self":[{"href":"https:\/\/mediocudeyo.es\/web\/wp-json\/wp\/v2\/posts\/1122"}],"collection":[{"href":"https:\/\/mediocudeyo.es\/web\/wp-json\/wp\/v2\/posts"}],"about":[{"href":"https:\/\/mediocudeyo.es\/web\/wp-json\/wp\/v2\/types\/post"}],"author":[{"embeddable":true,"href":"https:\/\/mediocudeyo.es\/web\/wp-json\/wp\/v2\/users\/4"}],"replies":[{"embeddable":true,"href":"https:\/\/mediocudeyo.es\/web\/wp-json\/wp\/v2\/comments?post=1122"}],"version-history":[{"count":0,"href":"https:\/\/mediocudeyo.es\/web\/wp-json\/wp\/v2\/posts\/1122\/revisions"}],"wp:attachment":[{"href":"https:\/\/mediocudeyo.es\/web\/wp-json\/wp\/v2\/media?parent=1122"}],"wp:term":[{"taxonomy":"category","embeddable":true,"href":"https:\/\/mediocudeyo.es\/web\/wp-json\/wp\/v2\/categories?post=1122"},{"taxonomy":"post_tag","embeddable":true,"href":"https:\/\/mediocudeyo.es\/web\/wp-json\/wp\/v2\/tags?post=1122"}],"curies":[{"name":"wp","href":"https:\/\/api.w.org\/{rel}","templated":true}]}}