{"id":11301,"date":"2022-03-02T17:51:46","date_gmt":"2022-03-02T16:51:46","guid":{"rendered":"http:\/\/mediocudeyo.es\/web\/?p=11301"},"modified":"2022-03-02T17:51:46","modified_gmt":"2022-03-02T16:51:46","slug":"dia-internacional-de-la-mujer","status":"publish","type":"post","link":"https:\/\/mediocudeyo.es\/web\/dia-internacional-de-la-mujer\/","title":{"rendered":"Dia internacional de la mujer"},"content":{"rendered":"\n<p>Os presentamos la programaci\u00f3n de actividades para marzo y abril con motivo de la celebraci\u00f3n del <strong>D\u00eda Internacional de la Mujer el 8 M<\/strong>. Poco a poco iremos informando de cada evento, inscirpciones, reservas, etc \u00a1Os esperamos con mucha ilusi\u00f3n!<\/p>\n\n\n\n<figure class=\"wp-block-image\"><img decoding=\"async\" src=\"http:\/\/mediocudeyo.es\/web\/wp-content\/uploads\/2022\/03\/8M.-CARTEL-jpg-1024x724.jpg\" alt=\"\" class=\"wp-image-11302\"\/><\/figure>\n\n\n\n<h2 class=\"wp-block-heading\"><strong>Viernes 11 de marzo:<\/strong><\/h2>\n\n\n\n<p> Taller de animaci\u00f3n a la lectura (infantil y primaria).<\/p>\n\n\n\n<p> Teatro: \u00abPen\u00e9lope liberada\u00bb de Arte en Escena.<\/p>\n\n\n\n<p><\/p>\n\n\n\n<h2 class=\"wp-block-heading\"><strong>Domingo 13 de marzo: <\/strong><\/h2>\n\n\n\n<p>\u00abMolly y el gigante\u00bb de La Machina Teatro (familiar).<\/p>\n\n\n\n<figure class=\"wp-block-embed-youtube wp-block-embed is-type-video is-provider-youtube wp-embed-aspect-16-9 wp-has-aspect-ratio\"><div class=\"wp-block-embed__wrapper\">\n<iframe title=\"Molly y el Gigante - (Trailer)\" width=\"500\" height=\"281\" src=\"https:\/\/www.youtube.com\/embed\/FyA00KDr8As?feature=oembed\" frameborder=\"0\" allow=\"accelerometer; autoplay; clipboard-write; encrypted-media; gyroscope; picture-in-picture; web-share\" referrerpolicy=\"strict-origin-when-cross-origin\" allowfullscreen><\/iframe>\n<\/div><\/figure>\n\n\n\n<h2 class=\"wp-block-heading\"><strong>Del 30 de marzo al 18 de abril:<\/strong> <\/h2>\n\n\n\n<p>Exposici\u00f3n \u00ab21 carteles hist\u00f3ricos de Campa\u00f1as contra la violencia de G\u00e9nero\u00bb del Gobierno de Espa\u00f1a.<\/p>\n\n\n\n<p><strong>Adem\u00e1s&#8230;.<\/strong><\/p>\n\n\n\n<p><strong>Durante el mes de marzo:<\/strong> reto lector, recomendaciones lectoras, reparto de pa\u00f1uelos del 8M, presentaci\u00f3n del Calendario 8M-edio Cudeyo 2022-2023.<\/p>\n\n\n\n<p><strong>Durante el mes de abril: <\/strong>Taller de defensa personal para mujeres, taller formativo a profesorado, talleres al alumnado de los IES. <\/p>\n","protected":false},"excerpt":{"rendered":"<p>Os presentamos la programaci\u00f3n de actividades para marzo y abril con motivo de la celebraci\u00f3n del D\u00eda Internacional de la Mujer el 8 M. Poco a poco iremos informando de [&hellip;]<\/p>\n","protected":false},"author":4,"featured_media":0,"comment_status":"closed","ping_status":"closed","sticky":false,"template":"","format":"standard","meta":{"footnotes":""},"categories":[37,59,39,46,47,48,49],"tags":[441,238,68],"class_list":["post-11301","post","type-post","status-publish","format-standard","hentry","category-centro-cultural","category-cultura","category-educacion","category-igualdad","category-infancia","category-infantil","category-juventud","tag-8m","tag-cultura","tag-igualdad"],"_links":{"self":[{"href":"https:\/\/mediocudeyo.es\/web\/wp-json\/wp\/v2\/posts\/11301"}],"collection":[{"href":"https:\/\/mediocudeyo.es\/web\/wp-json\/wp\/v2\/posts"}],"about":[{"href":"https:\/\/mediocudeyo.es\/web\/wp-json\/wp\/v2\/types\/post"}],"author":[{"embeddable":true,"href":"https:\/\/mediocudeyo.es\/web\/wp-json\/wp\/v2\/users\/4"}],"replies":[{"embeddable":true,"href":"https:\/\/mediocudeyo.es\/web\/wp-json\/wp\/v2\/comments?post=11301"}],"version-history":[{"count":0,"href":"https:\/\/mediocudeyo.es\/web\/wp-json\/wp\/v2\/posts\/11301\/revisions"}],"wp:attachment":[{"href":"https:\/\/mediocudeyo.es\/web\/wp-json\/wp\/v2\/media?parent=11301"}],"wp:term":[{"taxonomy":"category","embeddable":true,"href":"https:\/\/mediocudeyo.es\/web\/wp-json\/wp\/v2\/categories?post=11301"},{"taxonomy":"post_tag","embeddable":true,"href":"https:\/\/mediocudeyo.es\/web\/wp-json\/wp\/v2\/tags?post=11301"}],"curies":[{"name":"wp","href":"https:\/\/api.w.org\/{rel}","templated":true}]}}