{"id":11483,"date":"2022-03-31T19:56:19","date_gmt":"2022-03-31T18:56:19","guid":{"rendered":"http:\/\/mediocudeyo.es\/web\/?p=11483"},"modified":"2022-03-31T19:56:19","modified_gmt":"2022-03-31T18:56:19","slug":"semana-multiactividad-urbana-y-albergue-multiaventura","status":"publish","type":"post","link":"https:\/\/mediocudeyo.es\/web\/semana-multiactividad-urbana-y-albergue-multiaventura\/","title":{"rendered":"SEMANA MULTIACTIVIDAD URBANA Y ALBERGUE MULTIAVENTURA"},"content":{"rendered":"\n<p>Desde el Ayuntamiento de Medio Cudeyo, a trav\u00e9s del  Programa \u00abMedio Cudeyo Concilia\u00bb y subvencionado por el Ministerio de Igualdad y la Direcci\u00f3n de la Mujer de Cantabria a trav\u00e9s del programa Corresponsables, ponemos en marcha dos actividades para facilitar la conciliaci\u00f3n durante la semana no lectiva de abril.<\/p>\n\n\n\n<p>Para ni\u00f1os y ni\u00f1as de<strong> 2 a\u00f1os (escolarizados) a 12 a\u00f1os<\/strong> se contar\u00e1 con un <strong>campus urbano multiactividad<\/strong>, en horario de 8 a 14 horas, pudiendo elegir la entrada a las 8 o a las 9 de la ma\u00f1ana. <strong><a href=\"http:\/\/mediocudeyo.es\/web\/wp-content\/uploads\/2022\/04\/IMPRESO-DE-SOLICITUD-CAMPUS-URBANO-CONCILIA-PRIMAVERA.docx\">DESCARGAR INSCRIPCI\u00d3N<\/a><\/strong>.<\/p>\n\n\n\n<figure class=\"wp-block-image\"><img decoding=\"async\" src=\"http:\/\/mediocudeyo.es\/web\/wp-content\/uploads\/2022\/03\/SEMANA-MULTIACTIVIDADES-cartel.defintivo_page-0001-724x1024.jpg\" alt=\"\" class=\"wp-image-11486\"\/><\/figure>\n\n\n\n<p>Tambi\u00e9n en esta ocasi\u00f3n habr\u00e1 una actividad nueva dirigida a<strong> chicos y chicas de entre 11 y 14 a\u00f1o<\/strong>s (nacidos entre el 2008 y el 2011) campamento multiaventura en el albergue <strong>Cabuerniaventura<\/strong>, del 18 al 22 de abril. <strong><a href=\"http:\/\/mediocudeyo.es\/web\/wp-content\/uploads\/2022\/04\/IMPRESO-DE-SOLICITUD-ALBERGUE-AVENTURA-PRIMAVERA.docx\">DESCARGAR INSCRIPCI\u00d3N<\/a><\/strong>.<\/p>\n\n\n\n<figure class=\"wp-block-image\"><img decoding=\"async\" src=\"http:\/\/mediocudeyo.es\/web\/wp-content\/uploads\/2022\/03\/Albergue-multiaventura-cartel.-definitivo_page-0001-724x1024.jpg\" alt=\"\" class=\"wp-image-11487\"\/><\/figure>\n\n\n\n<p>Las dos actividades son GRATUITAS.  Las inscripciones se entregar\u00e1n entre el 1 y el 8 de abril en el Centro Cultural Ram\u00f3n Pelayo de manera presencial, por email centrocultural@mediocudeyo.es o por WhatsApp 942 522 685.<\/p>\n\n\n\n<p><em>En el caso de haber m\u00e1s solicitudes que plazas se aplicar\u00e1n los criterios exigidos en el <\/em><strong><em>programa<\/em><\/strong> <strong><em>CORRESPONSABLES del Gobierno de Cantabria BOC Extraordinario n\u00fam.91<\/em><\/strong>. <\/p>\n","protected":false},"excerpt":{"rendered":"<p>Desde el Ayuntamiento de Medio Cudeyo, a trav\u00e9s del Programa \u00abMedio Cudeyo Concilia\u00bb y subvencionado por el Ministerio de Igualdad y la Direcci\u00f3n de la Mujer de Cantabria a trav\u00e9s [&hellip;]<\/p>\n","protected":false},"author":4,"featured_media":0,"comment_status":"closed","ping_status":"closed","sticky":false,"template":"","format":"standard","meta":{"footnotes":""},"categories":[47],"tags":[109,501,401,68,407,442],"class_list":["post-11483","post","type-post","status-publish","format-standard","hentry","category-infancia","tag-conciliacion","tag-corresponsables","tag-familias","tag-igualdad","tag-infancia","tag-semana-no-lectiva"],"_links":{"self":[{"href":"https:\/\/mediocudeyo.es\/web\/wp-json\/wp\/v2\/posts\/11483"}],"collection":[{"href":"https:\/\/mediocudeyo.es\/web\/wp-json\/wp\/v2\/posts"}],"about":[{"href":"https:\/\/mediocudeyo.es\/web\/wp-json\/wp\/v2\/types\/post"}],"author":[{"embeddable":true,"href":"https:\/\/mediocudeyo.es\/web\/wp-json\/wp\/v2\/users\/4"}],"replies":[{"embeddable":true,"href":"https:\/\/mediocudeyo.es\/web\/wp-json\/wp\/v2\/comments?post=11483"}],"version-history":[{"count":0,"href":"https:\/\/mediocudeyo.es\/web\/wp-json\/wp\/v2\/posts\/11483\/revisions"}],"wp:attachment":[{"href":"https:\/\/mediocudeyo.es\/web\/wp-json\/wp\/v2\/media?parent=11483"}],"wp:term":[{"taxonomy":"category","embeddable":true,"href":"https:\/\/mediocudeyo.es\/web\/wp-json\/wp\/v2\/categories?post=11483"},{"taxonomy":"post_tag","embeddable":true,"href":"https:\/\/mediocudeyo.es\/web\/wp-json\/wp\/v2\/tags?post=11483"}],"curies":[{"name":"wp","href":"https:\/\/api.w.org\/{rel}","templated":true}]}}