{"id":11511,"date":"2022-04-05T14:49:25","date_gmt":"2022-04-05T14:49:25","guid":{"rendered":"http:\/\/mediocudeyo.es\/web\/?p=11511"},"modified":"2022-12-12T11:35:26","modified_gmt":"2022-12-12T11:35:26","slug":"taller-de-defensa-personal-para-mujeres-2a-edicion","status":"publish","type":"post","link":"https:\/\/mediocudeyo.es\/web\/taller-de-defensa-personal-para-mujeres-2a-edicion\/","title":{"rendered":"Taller de defensa Personal para mujeres (2\u00aa Edici\u00f3n)"},"content":{"rendered":"\n<p>Gracias al inter\u00e9s mostrado en el Taller de defensa personal para mujeres que comenz\u00f3 en marzo, hemos decidido repetirlo en una segunda edici\u00f3n, iimpartido de nuevo en el Centro Cultural Ram\u00f3n Pelayo por <strong>Aikido Cantabria<\/strong>:<\/p>\n\n\n\n<p><em>4 S\u00e1bados por la ma\u00f1ana: 30 de abril y 7, 14 y 21 de mayo. De 11 a 13 horas.<\/em><\/p>\n\n\n\n<p>Actividad <strong>gratuita<\/strong>. Es necesario<strong> inscripci\u00f3n previa<\/strong> en el Punto de Informaic\u00f3n Municipal: 942 522 685 (tel\u00e9fono o WhatsApp) o en centrocultural@mediocudeyo.es. <\/p>\n\n\n\n<figure class=\"wp-block-image\"><img decoding=\"async\" src=\"http:\/\/mediocudeyo.es\/web\/wp-content\/uploads\/2022\/04\/TALLER-DEFENSA-PERSONAL.-2\u00aa-edici\u00f3n-CARTEL-JPG-724x1024.jpg\" alt=\"\" class=\"wp-image-11512\"\/><\/figure>\n","protected":false},"excerpt":{"rendered":"<p>Gracias al inter\u00e9s mostrado en el Taller de defensa personal para mujeres que comenz\u00f3 en marzo, hemos decidido repetirlo en una segunda edici\u00f3n, iimpartido de nuevo en el Centro Cultural [&hellip;]<\/p>\n","protected":false},"author":4,"featured_media":0,"comment_status":"closed","ping_status":"closed","sticky":false,"template":"","format":"standard","meta":{"footnotes":""},"categories":[46],"tags":[441,344,68,511,66],"class_list":["post-11511","post","type-post","status-publish","format-standard","hentry","category-igualdad","tag-8m","tag-defensa-personal","tag-igualdad","tag-mujeres","tag-talleres"],"_links":{"self":[{"href":"https:\/\/mediocudeyo.es\/web\/wp-json\/wp\/v2\/posts\/11511"}],"collection":[{"href":"https:\/\/mediocudeyo.es\/web\/wp-json\/wp\/v2\/posts"}],"about":[{"href":"https:\/\/mediocudeyo.es\/web\/wp-json\/wp\/v2\/types\/post"}],"author":[{"embeddable":true,"href":"https:\/\/mediocudeyo.es\/web\/wp-json\/wp\/v2\/users\/4"}],"replies":[{"embeddable":true,"href":"https:\/\/mediocudeyo.es\/web\/wp-json\/wp\/v2\/comments?post=11511"}],"version-history":[{"count":1,"href":"https:\/\/mediocudeyo.es\/web\/wp-json\/wp\/v2\/posts\/11511\/revisions"}],"predecessor-version":[{"id":17670,"href":"https:\/\/mediocudeyo.es\/web\/wp-json\/wp\/v2\/posts\/11511\/revisions\/17670"}],"wp:attachment":[{"href":"https:\/\/mediocudeyo.es\/web\/wp-json\/wp\/v2\/media?parent=11511"}],"wp:term":[{"taxonomy":"category","embeddable":true,"href":"https:\/\/mediocudeyo.es\/web\/wp-json\/wp\/v2\/categories?post=11511"},{"taxonomy":"post_tag","embeddable":true,"href":"https:\/\/mediocudeyo.es\/web\/wp-json\/wp\/v2\/tags?post=11511"}],"curies":[{"name":"wp","href":"https:\/\/api.w.org\/{rel}","templated":true}]}}