{"id":11514,"date":"2022-04-05T16:06:12","date_gmt":"2022-04-05T15:06:12","guid":{"rendered":"http:\/\/mediocudeyo.es\/web\/?p=11514"},"modified":"2022-04-05T16:06:12","modified_gmt":"2022-04-05T15:06:12","slug":"cre-arte-taller-el-circo-en-la-mesa","status":"publish","type":"post","link":"https:\/\/mediocudeyo.es\/web\/cre-arte-taller-el-circo-en-la-mesa\/","title":{"rendered":"Cre-Arte, Taller: \u00abEl circo en la mesa\u00bb"},"content":{"rendered":"\n<p>En  abril se celebra <strong>D\u00eda Mundial del Circo<\/strong> y por eso queremos invitar  a l@s m\u00e1s peque\u00f1@s a celebrarlo creando un juego de mesa conmemorativo  con el que disfrutar en familia. El  pr\u00f3ximo<strong> viernes 8 de abril <\/strong>podr\u00e1n disfrutar  de una tarde de  manualidades, creatividad y diversi\u00f3n en el Centro Cultural Ram\u00f3n Pelayo.<\/p>\n\n\n\n<p>Actividad <strong>GRATUITA <\/strong>con inscripci\u00f3n previa. Dirigida a  ni\u00f1os y ni\u00f1as de 3 a 12 a\u00f1os. Plazas limitadas.  Inscripciones abiertas hasta el jueves 7 de abril a las 12:00 horas. El  jueves se llamar\u00e1 s\u00f3lo a las personas que hayan obtenido plaza. <\/p>\n\n\n\n<div class=\"wp-block-image\"><figure class=\"aligncenter\"><img decoding=\"async\" src=\"http:\/\/mediocudeyo.es\/web\/wp-content\/uploads\/2022\/04\/crearte-8-abril.jpg\" alt=\"\" class=\"wp-image-11515\"\/><\/figure><\/div>\n\n\n\n<p><strong>Inscripciones<\/strong>:  942 52 26 85 (Tambi\u00e9n por whatsapp al mismo n\u00famero) \/  centrocultural@mediocudeyo.es<br>&#xfe0f;Para  realizar la reserva es necesario aportar los siguientes datos:  nombre completo, edad, tel\u00e9fono de contacto y municipio de  empadronamiento. <\/p>\n","protected":false},"excerpt":{"rendered":"<p>En abril se celebra D\u00eda Mundial del Circo y por eso queremos invitar a l@s m\u00e1s peque\u00f1@s a celebrarlo creando un juego de mesa conmemorativo con el que disfrutar en [&hellip;]<\/p>\n","protected":false},"author":4,"featured_media":0,"comment_status":"closed","ping_status":"closed","sticky":false,"template":"","format":"standard","meta":{"footnotes":""},"categories":[37],"tags":[512,513,407,65,66],"class_list":["post-11514","post","type-post","status-publish","format-standard","hentry","category-centro-cultural","tag-crearte","tag-dia-del-circo","tag-infancia","tag-manualidades","tag-talleres"],"_links":{"self":[{"href":"https:\/\/mediocudeyo.es\/web\/wp-json\/wp\/v2\/posts\/11514"}],"collection":[{"href":"https:\/\/mediocudeyo.es\/web\/wp-json\/wp\/v2\/posts"}],"about":[{"href":"https:\/\/mediocudeyo.es\/web\/wp-json\/wp\/v2\/types\/post"}],"author":[{"embeddable":true,"href":"https:\/\/mediocudeyo.es\/web\/wp-json\/wp\/v2\/users\/4"}],"replies":[{"embeddable":true,"href":"https:\/\/mediocudeyo.es\/web\/wp-json\/wp\/v2\/comments?post=11514"}],"version-history":[{"count":0,"href":"https:\/\/mediocudeyo.es\/web\/wp-json\/wp\/v2\/posts\/11514\/revisions"}],"wp:attachment":[{"href":"https:\/\/mediocudeyo.es\/web\/wp-json\/wp\/v2\/media?parent=11514"}],"wp:term":[{"taxonomy":"category","embeddable":true,"href":"https:\/\/mediocudeyo.es\/web\/wp-json\/wp\/v2\/categories?post=11514"},{"taxonomy":"post_tag","embeddable":true,"href":"https:\/\/mediocudeyo.es\/web\/wp-json\/wp\/v2\/tags?post=11514"}],"curies":[{"name":"wp","href":"https:\/\/api.w.org\/{rel}","templated":true}]}}