{"id":11550,"date":"2022-04-13T19:30:11","date_gmt":"2022-04-13T18:30:11","guid":{"rendered":"http:\/\/mediocudeyo.es\/web\/?p=11550"},"modified":"2022-04-13T19:30:11","modified_gmt":"2022-04-13T18:30:11","slug":"cerrado-por-festividad-nacional","status":"publish","type":"post","link":"https:\/\/mediocudeyo.es\/web\/cerrado-por-festividad-nacional\/","title":{"rendered":"CERRADO POR FESTIVIDAD NACIONAL"},"content":{"rendered":"\n<p>Los pr\u00f3ximos d\u00edas 14 y 15 de abril (jueves y viernes) el Centro Cultural permanecer\u00e1 cerrado por festividad nacional. <\/p>\n\n\n\n<figure class=\"wp-block-image\"><img decoding=\"async\" src=\"http:\/\/mediocudeyo.es\/web\/wp-content\/uploads\/2022\/04\/278423396_4961103320592137_559302610542708258_n.png\" alt=\"\" class=\"wp-image-11551\"\/><\/figure>\n\n\n\n<p>Volvemos el lunes 18 en nuestro horario habitual.\n\n<\/p>\n","protected":false},"excerpt":{"rendered":"<p>Los pr\u00f3ximos d\u00edas 14 y 15 de abril (jueves y viernes) el Centro Cultural permanecer\u00e1 cerrado por festividad nacional. Volvemos el lunes 18 en nuestro horario habitual.<\/p>\n","protected":false},"author":4,"featured_media":0,"comment_status":"closed","ping_status":"closed","sticky":false,"template":"","format":"standard","meta":{"footnotes":""},"categories":[37],"tags":[104,397],"class_list":["post-11550","post","type-post","status-publish","format-standard","hentry","category-centro-cultural","tag-centro-cultural","tag-festivo"],"_links":{"self":[{"href":"https:\/\/mediocudeyo.es\/web\/wp-json\/wp\/v2\/posts\/11550"}],"collection":[{"href":"https:\/\/mediocudeyo.es\/web\/wp-json\/wp\/v2\/posts"}],"about":[{"href":"https:\/\/mediocudeyo.es\/web\/wp-json\/wp\/v2\/types\/post"}],"author":[{"embeddable":true,"href":"https:\/\/mediocudeyo.es\/web\/wp-json\/wp\/v2\/users\/4"}],"replies":[{"embeddable":true,"href":"https:\/\/mediocudeyo.es\/web\/wp-json\/wp\/v2\/comments?post=11550"}],"version-history":[{"count":0,"href":"https:\/\/mediocudeyo.es\/web\/wp-json\/wp\/v2\/posts\/11550\/revisions"}],"wp:attachment":[{"href":"https:\/\/mediocudeyo.es\/web\/wp-json\/wp\/v2\/media?parent=11550"}],"wp:term":[{"taxonomy":"category","embeddable":true,"href":"https:\/\/mediocudeyo.es\/web\/wp-json\/wp\/v2\/categories?post=11550"},{"taxonomy":"post_tag","embeddable":true,"href":"https:\/\/mediocudeyo.es\/web\/wp-json\/wp\/v2\/tags?post=11550"}],"curies":[{"name":"wp","href":"https:\/\/api.w.org\/{rel}","templated":true}]}}