{"id":11579,"date":"2022-04-20T14:11:49","date_gmt":"2022-04-20T13:11:49","guid":{"rendered":"http:\/\/mediocudeyo.es\/web\/?p=11579"},"modified":"2022-04-20T14:11:49","modified_gmt":"2022-04-20T13:11:49","slug":"vuelve-el-dia-del-libro","status":"publish","type":"post","link":"https:\/\/mediocudeyo.es\/web\/vuelve-el-dia-del-libro\/","title":{"rendered":"CELEBRA EL D\u00cdA DEL LIBRO EN MEDIO CUDEYO"},"content":{"rendered":"\n<p>El <strong>D\u00eda del Libro<\/strong> estar\u00e1 muy presente este a\u00f1o en nuestro municipio, con m\u00faltiples actividades para todas las edades desde el viernes 22 de abril:<\/p>\n\n\n\n<p>&#x1f538;<strong>Viernes 22: Presentaci\u00f3n del libro \u201cMedio Cudeyo Patrimonio Cultural. La huella del tiempo\u201d. <\/strong>A las 19:00 horas en la Finca Marqu\u00e9s de Valdecilla (entrada libre hasta completar aforo).<\/p>\n\n\n\n<p>&#x1f538;<strong>S\u00e1bado 23: Feria del libro \u00a1Vuelve nuestra feria!<\/strong> En el Parque Monse\u00f1or de Cos de 11 a 20 horas. Stands, librer\u00edas, editoriales, presentaciones y firmas de libros, micro abierto, cuentacuentos, talleres infantiles, sorteo de cesta de libros y caf\u00e9 gratis para l@s asistentes.<\/p>\n\n\n\n<figure class=\"wp-block-image\"><img decoding=\"async\" src=\"http:\/\/mediocudeyo.es\/web\/wp-content\/uploads\/2022\/04\/D\u00cdA-DEL-LIBRO.-Reto-lector-CARTEL-JPG-724x1024.jpg\" alt=\"\" class=\"wp-image-11580\"\/><figcaption>Reto Lector<\/figcaption><\/figure>\n\n\n\n<p>&#x1f538;<strong>S\u00e1bado 23 de abril: #Retolector \u201cFoto en la feria del libro\u201d<\/strong>. Entra en el sorteo de un vale de 40 euros para las librer\u00edas de Medio Cudeyo.<\/p>\n\n\n\n<figure class=\"wp-block-image\"><img decoding=\"async\" src=\"http:\/\/mediocudeyo.es\/web\/wp-content\/uploads\/2022\/04\/D\u00cdA-DEL-LIBRO.-Concurso-literario-CARTEL-JPG-1-724x1024.jpg\" alt=\"\" class=\"wp-image-11581\"\/><figcaption>II Concurso de relato corto<\/figcaption><\/figure>\n\n\n\n<p>&#x1f538;<strong>Del 23 de abril al 23 de mayo: II Concurso de relato Corto \u201cCentro Cultural Ram\u00f3n Pelayo\u201d.<\/strong><\/p>\n\n\n\n<figure class=\"wp-block-image\"><img decoding=\"async\" src=\"http:\/\/mediocudeyo.es\/web\/wp-content\/uploads\/2022\/04\/D\u00cdA-DEL-LIBRO.-Mercadillo-CARTEL-JPG-724x1024.jpg\" alt=\"\" class=\"wp-image-11582\"\/><figcaption>Mercadillo<\/figcaption><\/figure>\n\n\n\n<p>&#x1f538;<strong>Del 25 de abril al 6 de mayo: Mercadillo de libros usados, en el Centro Cultural Ram\u00f3n Pelayo.<\/strong><\/p>\n\n\n\n<figure class=\"wp-block-image\"><img decoding=\"async\" src=\"http:\/\/mediocudeyo.es\/web\/wp-content\/uploads\/2022\/04\/D\u00cdA-DEL-LIBRO.-Taller-animaci\u00f3n-lectura-CARTEL-JPG-724x1024.jpg\" alt=\"\" class=\"wp-image-11583\"\/><figcaption>Taller Animaci\u00f3n a la Lectura<\/figcaption><\/figure>\n\n\n\n<p>&#x1f538;<strong>Viernes 29 de abril: Taller de animaci\u00f3n a la lectura para infantil y primaria en el Centro Cultural Ram\u00f3n Pelayo.<\/strong><\/p>\n","protected":false},"excerpt":{"rendered":"<p>El D\u00eda del Libro estar\u00e1 muy presente este a\u00f1o en nuestro municipio, con m\u00faltiples actividades para todas las edades desde el viernes 22 de abril: &#x1f538;Viernes 22: Presentaci\u00f3n del libro [&hellip;]<\/p>\n","protected":false},"author":4,"featured_media":0,"comment_status":"closed","ping_status":"closed","sticky":false,"template":"","format":"standard","meta":{"footnotes":""},"categories":[35,37,59],"tags":[],"class_list":["post-11579","post","type-post","status-publish","format-standard","hentry","category-biblioteca","category-centro-cultural","category-cultura"],"_links":{"self":[{"href":"https:\/\/mediocudeyo.es\/web\/wp-json\/wp\/v2\/posts\/11579"}],"collection":[{"href":"https:\/\/mediocudeyo.es\/web\/wp-json\/wp\/v2\/posts"}],"about":[{"href":"https:\/\/mediocudeyo.es\/web\/wp-json\/wp\/v2\/types\/post"}],"author":[{"embeddable":true,"href":"https:\/\/mediocudeyo.es\/web\/wp-json\/wp\/v2\/users\/4"}],"replies":[{"embeddable":true,"href":"https:\/\/mediocudeyo.es\/web\/wp-json\/wp\/v2\/comments?post=11579"}],"version-history":[{"count":0,"href":"https:\/\/mediocudeyo.es\/web\/wp-json\/wp\/v2\/posts\/11579\/revisions"}],"wp:attachment":[{"href":"https:\/\/mediocudeyo.es\/web\/wp-json\/wp\/v2\/media?parent=11579"}],"wp:term":[{"taxonomy":"category","embeddable":true,"href":"https:\/\/mediocudeyo.es\/web\/wp-json\/wp\/v2\/categories?post=11579"},{"taxonomy":"post_tag","embeddable":true,"href":"https:\/\/mediocudeyo.es\/web\/wp-json\/wp\/v2\/tags?post=11579"}],"curies":[{"name":"wp","href":"https:\/\/api.w.org\/{rel}","templated":true}]}}