{"id":11719,"date":"2022-05-24T09:05:11","date_gmt":"2022-05-24T08:05:11","guid":{"rendered":"http:\/\/mediocudeyo.es\/web\/?p=11719"},"modified":"2022-12-12T13:19:05","modified_gmt":"2022-12-12T13:19:05","slug":"filmoteca-nora","status":"publish","type":"post","link":"https:\/\/mediocudeyo.es\/web\/filmoteca-nora\/","title":{"rendered":"FILMOTECA: NORA"},"content":{"rendered":"\r\n<p>Este domingo en el Centro Cultural Ram\u00f3n Pelayo puedes disfrutar de una nueva tarde de cine de la mano de la Filmoteca Regional: <strong>\u00abNora\u00bb <\/strong>de Lara Izagirre (Espa\u00f1a).<\/p>\r\n\r\n\r\n\r\n<figure class=\"wp-block-image\"><img decoding=\"async\" class=\"wp-image-11720\" src=\"http:\/\/mediocudeyo.es\/web\/wp-content\/uploads\/2022\/05\/FILMOTECA-29-mayo-724x1024.jpg\" alt=\"\" \/><\/figure>\r\n\r\n\r\n\r\n<p><strong>SINOPSIS<\/strong><\/p>\r\n\r\n\r\n\r\n<p>Nora tiene 30 a\u00f1os, vive con su abuelo argentino Nicol\u00e1s y cuida habitualmente de los hijos de su amiga Meri. Escribe el hor\u00f3scopo en la revista del pueblo, aunque su sue\u00f1o es ser escritora de viajes. La muerte de su abuelo, le dejar\u00e1 en herencia una Dyane 6 vieja. Aunque conduce fatal, Nora se lanzar\u00e1 a hacer un road trip sin rumbo por la costa del Pa\u00eds Vasco, para acabar llevando las cenizas del abuelo al lado de la abuela. El camino pronto le ense\u00f1ar\u00e1 que no es una viajera nata y que su sue\u00f1o nada ten\u00eda que ver con ella, que s\u00f3lo era una excusa para darse una oportunidad de ser libre, de crecer, de cerrar heridas y de por primera vez, permitirse a ella misma ser feliz.<\/p>\r\n\r\n\r\n\r\n<figure class=\"wp-block-embed-youtube wp-block-embed is-type-video is-provider-youtube wp-embed-aspect-16-9 wp-has-aspect-ratio\">\r\n<div class=\"wp-block-embed__wrapper\">https:\/\/www.youtube.com\/watch?v=Ry31HsV-tho<\/div>\r\n<\/figure>\r\n\r\n\r\n\r\n<p><strong>Domingo 29 de Mayo. 18:00 horas.<\/strong><\/p>\r\n\r\n\r\n\r\n<p><strong>Precio \u00fanico: 2,50\u20ac. No es necesaria reserva previa.<\/strong><\/p>\r\n","protected":false},"excerpt":{"rendered":"<p>Este domingo en el Centro Cultural Ram\u00f3n Pelayo puedes disfrutar de una nueva tarde de cine de la mano de la Filmoteca Regional: \u00abNora\u00bb de Lara Izagirre (Espa\u00f1a). SINOPSIS Nora [&hellip;]<\/p>\n","protected":false},"author":4,"featured_media":17900,"comment_status":"closed","ping_status":"closed","sticky":false,"template":"","format":"standard","meta":{"footnotes":""},"categories":[43],"tags":[],"class_list":["post-11719","post","type-post","status-publish","format-standard","has-post-thumbnail","hentry","category-filmoteca"],"_links":{"self":[{"href":"https:\/\/mediocudeyo.es\/web\/wp-json\/wp\/v2\/posts\/11719"}],"collection":[{"href":"https:\/\/mediocudeyo.es\/web\/wp-json\/wp\/v2\/posts"}],"about":[{"href":"https:\/\/mediocudeyo.es\/web\/wp-json\/wp\/v2\/types\/post"}],"author":[{"embeddable":true,"href":"https:\/\/mediocudeyo.es\/web\/wp-json\/wp\/v2\/users\/4"}],"replies":[{"embeddable":true,"href":"https:\/\/mediocudeyo.es\/web\/wp-json\/wp\/v2\/comments?post=11719"}],"version-history":[{"count":1,"href":"https:\/\/mediocudeyo.es\/web\/wp-json\/wp\/v2\/posts\/11719\/revisions"}],"predecessor-version":[{"id":17901,"href":"https:\/\/mediocudeyo.es\/web\/wp-json\/wp\/v2\/posts\/11719\/revisions\/17901"}],"wp:featuredmedia":[{"embeddable":true,"href":"https:\/\/mediocudeyo.es\/web\/wp-json\/wp\/v2\/media\/17900"}],"wp:attachment":[{"href":"https:\/\/mediocudeyo.es\/web\/wp-json\/wp\/v2\/media?parent=11719"}],"wp:term":[{"taxonomy":"category","embeddable":true,"href":"https:\/\/mediocudeyo.es\/web\/wp-json\/wp\/v2\/categories?post=11719"},{"taxonomy":"post_tag","embeddable":true,"href":"https:\/\/mediocudeyo.es\/web\/wp-json\/wp\/v2\/tags?post=11719"}],"curies":[{"name":"wp","href":"https:\/\/api.w.org\/{rel}","templated":true}]}}