{"id":1174,"date":"2017-01-24T09:06:15","date_gmt":"2017-01-24T08:06:15","guid":{"rendered":"http:\/\/mediocudeyo.es\/web\/?p=1174"},"modified":"2022-12-12T11:50:01","modified_gmt":"2022-12-12T11:50:01","slug":"filmoteca-la-memoria-del-agua","status":"publish","type":"post","link":"https:\/\/mediocudeyo.es\/web\/filmoteca-la-memoria-del-agua\/","title":{"rendered":"FILMOTECA: LA MEMORIA DEL AGUA"},"content":{"rendered":"<p><img fetchpriority=\"high\" decoding=\"async\" class=\"alignnone size-full wp-image-1175\" src=\"http:\/\/mediocudeyo.es\/web\/wp-content\/uploads\/2017\/01\/la_memoria_del_agua-242600648-large.jpg\" alt=\"la_memoria_del_agua-242600648-large\" width=\"620\" height=\"765\" \/>Lunes 30 de enero, 20:00 h.\u00a0 Centro Cultural Ram\u00f3n Pelayo (Solares). Precio \u00fanico: 2.50\u20ac<\/p>\n<p><!--more--><\/p>\n<ul>\n<li><strong>Dirigida por:<\/strong> MAT\u00cdAS BIZE GARC\u00cdA , 2015<\/li>\n<li><strong>Calificaci\u00f3n:<\/strong> NO RECOMENDADA PARA MENORES DE DOCE A\u00d1OS<\/li>\n<li><strong>Nacionalidad:<\/strong> ESPA\u00d1OLA<\/li>\n<li><strong>Pa\u00edses participantes:<\/strong><br \/>\nARGENTINA (20.00 %)<br \/>\nCHILE (51.00 %)<br \/>\nESPA\u00d1A (29.00 %)<\/li>\n<li><strong>G\u00e9nero :<\/strong> Drama<\/li>\n<li><strong>Fecha de estreno :<\/strong> 3 de agosto de 2016<\/li>\n<li><strong>Premios :<\/strong>Festival de Cine Iberoamericano de Huelva 2015 &#8212; Mejor director \/ Best Director.<\/li>\n<li><strong>Int\u00e9rpretes:<\/strong> ELENA ANAYA (Amanda) , BENJAM\u00cdN VICU\u00d1A (Javier) , N\u00c9STOR CANTILLANA (Marcos) , SERGIO HERN\u00c1NDEZ (Padre) , ANTONIA ZEGERS (Pamela) , PABLO CERDA (Jon\u00e1s) , SILVIA MARTY (M\u00f3nica) , ETIENNE BOBENRIETH (Hern\u00e1n) , ALBA FLORES (Carmen) , VER\u00d3NICA INTILE (Chica fiesta)<\/li>\n<\/ul>\n<h4>Sinopsis<\/h4>\n<p>\u201cLa Memoria del Agua\u201d es la historia de amor de una joven pareja que tras la muerte de su hijo lucha por mantener su relaci\u00f3n. Este inmenso dolor los ha fracturado como pareja y a pesar de lo mucho que se quieren, no pueden sobreponerse a la inmensa p\u00e9rdida. Asistimos a la sutil construcci\u00f3n de sus nuevas vidas, y observamos sus movimientos por olvidar lo que fueron como pareja. Pero la posibilidad de un nuevo reencuentro aparece y ellos saben que esa decisi\u00f3n podr\u00e1 cambiar el sentido de sus vidas para siempre.<\/p>\n<p><a href=\"https:\/\/www.youtube.com\/watch?v=B4rQxwaYVMI\" data-rel=\"lightbox-video-0\">TRAILER \u00abLA MEMORIA DEL AGUA\u00bb<\/a><\/p>\n<p>&nbsp;<\/p>\n<p>&nbsp;<\/p>\n","protected":false},"excerpt":{"rendered":"<p>Lunes 30 de enero, 20:00 h.\u00a0 Centro Cultural Ram\u00f3n Pelayo (Solares). Precio \u00fanico: 2.50\u20ac<\/p>\n","protected":false},"author":4,"featured_media":0,"comment_status":"closed","ping_status":"closed","sticky":false,"template":"","format":"standard","meta":{"footnotes":""},"categories":[1],"tags":[58,116,117],"class_list":["post-1174","post","type-post","status-publish","format-standard","hentry","category-sin-categoria","tag-centro-cultural-ramon-pelayo","tag-cine","tag-filmoteca"],"_links":{"self":[{"href":"https:\/\/mediocudeyo.es\/web\/wp-json\/wp\/v2\/posts\/1174"}],"collection":[{"href":"https:\/\/mediocudeyo.es\/web\/wp-json\/wp\/v2\/posts"}],"about":[{"href":"https:\/\/mediocudeyo.es\/web\/wp-json\/wp\/v2\/types\/post"}],"author":[{"embeddable":true,"href":"https:\/\/mediocudeyo.es\/web\/wp-json\/wp\/v2\/users\/4"}],"replies":[{"embeddable":true,"href":"https:\/\/mediocudeyo.es\/web\/wp-json\/wp\/v2\/comments?post=1174"}],"version-history":[{"count":1,"href":"https:\/\/mediocudeyo.es\/web\/wp-json\/wp\/v2\/posts\/1174\/revisions"}],"predecessor-version":[{"id":17872,"href":"https:\/\/mediocudeyo.es\/web\/wp-json\/wp\/v2\/posts\/1174\/revisions\/17872"}],"wp:attachment":[{"href":"https:\/\/mediocudeyo.es\/web\/wp-json\/wp\/v2\/media?parent=1174"}],"wp:term":[{"taxonomy":"category","embeddable":true,"href":"https:\/\/mediocudeyo.es\/web\/wp-json\/wp\/v2\/categories?post=1174"},{"taxonomy":"post_tag","embeddable":true,"href":"https:\/\/mediocudeyo.es\/web\/wp-json\/wp\/v2\/tags?post=1174"}],"curies":[{"name":"wp","href":"https:\/\/api.w.org\/{rel}","templated":true}]}}