{"id":1192,"date":"2017-01-31T10:15:19","date_gmt":"2017-01-31T09:15:19","guid":{"rendered":"http:\/\/mediocudeyo.es\/web\/?p=1192"},"modified":"2017-01-31T10:15:19","modified_gmt":"2017-01-31T09:15:19","slug":"teatro-cuando-el-rio-suena","status":"publish","type":"post","link":"https:\/\/mediocudeyo.es\/web\/teatro-cuando-el-rio-suena\/","title":{"rendered":"TEATRO: CUANDO EL R\u00cdO SUENA"},"content":{"rendered":"<p><img fetchpriority=\"high\" decoding=\"async\" class=\"alignnone size-large wp-image-1193\" src=\"http:\/\/mediocudeyo.es\/web\/wp-content\/uploads\/2017\/01\/FusionARTE-3-febrero-724x1024.jpg\" alt=\"fusionarte-3-febrero\" width=\"474\" height=\"670\" \/><\/p>\n<p>Viernes 3 de febrero, 21:15 h. Centro Cultural Ram\u00f3n Pelayo. Precio: 3\u20ac<\/p>\n<p><strong>SINOPSIS<\/strong><\/p>\n<p>Noticiosas las autoridades de este pueblo que en este d\u00eda 24 de julio de 1872, pasar\u00eda el tren real en el que se dirig\u00eda a\u00a0 Santander S.M el Rey don Amadeo I, acordaron salir a la estaci\u00f3n del ferrocarril con el objeto de cumplimentar al Monarca \u2026<\/p>\n<p><!--more--><\/p>\n<p>A expensas del municipio, se hab\u00eda levantado un arco de follaje conteniendo en el centro y parte m\u00e1s elevada el lema de: \u201cEl Ayuntamiento de Los Corrales de Buelna\u201d y en sus lados y partes m\u00e1s bajas dos que dec\u00edan: \u201cViva S.M el Rey don Amadeo I\u201d<\/p>\n<p>Adem\u00e1s de las autoridades y ni\u00f1os acudieron buen n\u00famero de vecinos con su ropa de los d\u00edas de fiesta, agolp\u00e1ndose en el estrecho and\u00e9n de la estaci\u00f3n. La ansiedad se reflejaba en todos los semblantes cuando, ya por fin, se distingui\u00f3 el tren regio que al parecer avanzaba con precauci\u00f3n y cuando lleg\u00f3 a la altura del and\u00e9n y todos fijos las miradas esperaban ver al esperado Monarca, s\u00fabitamente cambi\u00f3 la locomotora, como si obedeciese a secreta consigna, su velocidad hasta entonces lenta y pausada, en r\u00e1pida y vertiginosa sin que el jefe de estaci\u00f3n, ni las modestas autoridades locales tuvieran tiempo de llamar la atenci\u00f3n a los viajeros que iban en el tren real, causando tan inesperado suceso honda impresi\u00f3n de tristeza en el coraz\u00f3n de todos los que en aquel lugar estaban reunidos .<\/p>\n<p>Relato de Don Baldomero P\u00e9rez Rasilla, secretario que fue del Ayuntamiento de Los Corrales de Buelnaa finales del siglo XIX,\u00a0 copiado por Don Felipe Lucio Capeli en su libro \u201cHistorias y an\u00e9cdotas de mi valle\u201d a los dos \u00a0nuestras agradecimiento\u00a0 por que sin ellos hubiera sido imposible escribir esta obra.<\/p>\n<p>Todo lo dem\u00e1s pas\u00f3 como sigue\u2026 o no.<\/p>\n<p><strong>Ficha art\u00edstica:<\/strong><\/p>\n<p>&nbsp;<\/p>\n<p>Miguel Guti\u00e9rrez\u2026\u2026\u2026\u2026\u2026\u00a0 \u00a0\u00a0\u00a0\u00a0\u00a0\u00a0\u00a0\u00a0 Zapatero.<\/p>\n<p>Aroa G\u00f3mez\u2026\u2026\u2026\u2026\u2026\u2026\u00a0\u00a0\u00a0\u00a0\u00a0\u00a0\u00a0\u00a0\u00a0\u00a0\u00a0\u00a0\u00a0 Mercedes<\/p>\n<p>Bel\u00e9n Gonz\u00e1lez Macho\u2026\u2026\u00a0\u00a0\u00a0\u00a0\u00a0\u00a0\u00a0\u00a0\u00a0\u00a0\u00a0\u00a0 Do\u00f1a Julia<\/p>\n<p>Omar Nieto Serdio\u2026\u2026\u2026..\u00a0\u00a0\u00a0\u00a0\u00a0\u00a0\u00a0\u00a0\u00a0\u00a0\u00a0\u00a0 Alfredo<\/p>\n<p>Alicia Lia\u00f1o\u2026\u2026\u2026\u2026\u2026&#8230;\u00a0\u00a0\u00a0\u00a0\u00a0\u00a0\u00a0\u00a0\u00a0\u00a0\u00a0\u00a0\u00a0\u00a0 Rebeca.<\/p>\n<p>Asun Fern\u00e1ndez Hoyuela.\u00a0\u00a0\u00a0\u00a0\u00a0\u00a0\u00a0\u00a0\u00a0\u00a0\u00a0\u00a0\u00a0\u00a0\u00a0 Ludi.<\/p>\n<p>Pilar Saiz Aguayo\u2026\u2026\u2026\u2026\u00a0\u00a0 \u00a0\u00a0\u00a0\u00a0\u00a0\u00a0\u00a0\u00a0 Clotilde<\/p>\n<p>Jes\u00fas Jim\u00e9nez\u2026\u2026\u2026\u2026\u2026..\u00a0\u00a0\u00a0\u00a0\u00a0\u00a0\u00a0\u00a0\u00a0\u00a0\u00a0\u00a0\u00a0 Jefe de Estaci\u00f3n<\/p>\n<p>Mar\u00eda Valad\u00e9s\u2026\u2026\u2026\u2026.\u2026\u00a0\u00a0\u00a0 \u00a0\u00a0\u00a0\u00a0\u00a0\u00a0\u00a0\u00a0 Gertru<\/p>\n<p>Olga Mediavilla&#8230;&#8230;&#8230;&#8230;&#8230;&#8230;\u00a0\u00a0\u00a0\u00a0\u00a0\u00a0\u00a0\u00a0\u00a0\u00a0\u00a0\u00a0 Sinda.<\/p>\n<p>Andr\u00e9s Guti\u00e9rrez Via\u00f1a\u2026.\u00a0\u00a0\u00a0\u00a0\u00a0\u00a0\u00a0\u00a0\u00a0\u00a0\u00a0\u00a0\u00a0 Alcalde<\/p>\n<p>Iv\u00e1n Fern\u00e1ndez Bores..\u2026\u00a0\u00a0\u00a0\u00a0\u00a0\u00a0\u00a0\u00a0\u00a0\u00a0\u00a0\u00a0\u00a0\u00a0\u00a0 Leopoldo<\/p>\n<p>Luz Gonz\u00e1lez Campuzano\u2026\u00a0\u00a0\u00a0\u00a0\u00a0\u00a0\u00a0\u00a0\u00a0\u00a0 Do\u00f1a Isabel<\/p>\n<p>Josefina Gonz\u00e1lez..\u2026\u2026\u2026.\u00a0\u00a0\u00a0\u00a0\u00a0\u00a0\u00a0\u00a0\u00a0\u00a0\u00a0\u00a0\u00a0 Do\u00f1a Pilar<\/p>\n<p>Celia Lamarca\u2026\u2026\u2026\u2026\u2026.\u00a0\u00a0\u00a0\u00a0\u00a0\u00a0\u00a0\u00a0\u00a0\u00a0\u00a0\u00a0\u00a0 Patrocinio<\/p>\n<p>Lydia Ruiz\u2026 \u2026\u2026\u2026\u2026\u2026\u00a0\u00a0\u00a0\u00a0\u00a0\u00a0\u00a0\u00a0\u00a0\u00a0\u00a0\u00a0\u00a0\u00a0 Cruz<\/p>\n<p>Carlos Tezanos\u2026\u2026\u2026\u2026\u2026\u00a0\u00a0\u00a0\u00a0\u00a0\u00a0\u00a0\u00a0\u00a0\u00a0\u00a0\u00a0 Paco<\/p>\n<p>Don Javier\u2026\u2026\u2026\u2026\u2026\u2026\u2026\u00a0\u00a0\u00a0\u00a0\u00a0\u00a0\u00a0\u00a0\u00a0\u00a0\u00a0\u00a0 V\u00edctor Ord\u00f3\u00f1ez<\/p>\n<p>Javichu\u2026\u2026\u2026\u2026\u2026\u2026\u2026\u2026..\u00a0\u00a0\u00a0\u00a0\u00a0\u00a0\u00a0\u00a0\u00a0\u00a0\u00a0 Aar\u00f3n Montes.<\/p>\n<p>Marcial del Mar\u2026\u2026\u2026\u2026\u2026.\u00a0\u00a0\u00a0\u00a0\u00a0\u00a0\u00a0\u00a0\u00a0\u00a0 Franco Ruiz D\u00edez<\/p>\n<p><strong>Ficha t\u00e9cnica:<\/strong><\/p>\n<p>Realizaci\u00f3n escenograf\u00eda y atrezzo:<\/p>\n<p><strong>\u00d3scar Del Val<\/strong><\/p>\n<p><strong>Eva G.<\/strong><\/p>\n<p><strong>Ver\u00f3nica Cobo<\/strong><\/p>\n<p><strong>Selecci\u00f3n musical:<\/strong><\/p>\n<p><strong>Ernesto G\u00f3mez<\/strong><\/p>\n<p>Dise\u00f1o Gr\u00e1fico:<\/p>\n<p><strong>Carlos Troyano<\/strong><\/p>\n<p>&nbsp;<\/p>\n<p><strong>DIRECCI\u00d3N ANABEL D\u00cdEZ<\/strong><\/p>\n<p><strong>Por respeto al resto de espectadores y para no entorpecer el normal desarrollo del espect\u00e1culo, una vez transcurridos <span style=\"text-decoration: underline;\">cinco minutos<\/span> del inicio no se podr\u00e1 acceder a la sala.<\/strong><\/p>\n<p>&nbsp;<\/p>\n<p>&nbsp;<\/p>\n","protected":false},"excerpt":{"rendered":"<p>Viernes 3 de febrero, 21:15 h. Centro Cultural Ram\u00f3n Pelayo. Precio: 3\u20ac SINOPSIS Noticiosas las autoridades de este pueblo que en este d\u00eda 24 de julio de 1872, pasar\u00eda el [&hellip;]<\/p>\n","protected":false},"author":4,"featured_media":0,"comment_status":"closed","ping_status":"closed","sticky":false,"template":"","format":"standard","meta":{"footnotes":""},"categories":[59],"tags":[58,82,83],"class_list":["post-1192","post","type-post","status-publish","format-standard","hentry","category-cultura","tag-centro-cultural-ramon-pelayo","tag-fusionarte","tag-teatro"],"_links":{"self":[{"href":"https:\/\/mediocudeyo.es\/web\/wp-json\/wp\/v2\/posts\/1192"}],"collection":[{"href":"https:\/\/mediocudeyo.es\/web\/wp-json\/wp\/v2\/posts"}],"about":[{"href":"https:\/\/mediocudeyo.es\/web\/wp-json\/wp\/v2\/types\/post"}],"author":[{"embeddable":true,"href":"https:\/\/mediocudeyo.es\/web\/wp-json\/wp\/v2\/users\/4"}],"replies":[{"embeddable":true,"href":"https:\/\/mediocudeyo.es\/web\/wp-json\/wp\/v2\/comments?post=1192"}],"version-history":[{"count":0,"href":"https:\/\/mediocudeyo.es\/web\/wp-json\/wp\/v2\/posts\/1192\/revisions"}],"wp:attachment":[{"href":"https:\/\/mediocudeyo.es\/web\/wp-json\/wp\/v2\/media?parent=1192"}],"wp:term":[{"taxonomy":"category","embeddable":true,"href":"https:\/\/mediocudeyo.es\/web\/wp-json\/wp\/v2\/categories?post=1192"},{"taxonomy":"post_tag","embeddable":true,"href":"https:\/\/mediocudeyo.es\/web\/wp-json\/wp\/v2\/tags?post=1192"}],"curies":[{"name":"wp","href":"https:\/\/api.w.org\/{rel}","templated":true}]}}