{"id":11995,"date":"2022-06-29T13:43:41","date_gmt":"2022-06-29T12:43:41","guid":{"rendered":"http:\/\/mediocudeyo.es\/web\/?p=11995"},"modified":"2022-06-29T13:43:41","modified_gmt":"2022-06-29T12:43:41","slug":"informacion-familias-campus-urbano","status":"publish","type":"post","link":"https:\/\/mediocudeyo.es\/web\/informacion-familias-campus-urbano\/","title":{"rendered":"INFORMACI\u00d3N FAMILIAS CAMPUS MULTIDEPORTE Y URBANO"},"content":{"rendered":"\n<p><strong>CAMPUS MULTIDEPORTE<\/strong><\/p>\n\n\n\n<p><strong>INFORMAMOS<\/strong> a Todas las familias con ni\u00f1os y ni\u00f1as participantes en el <strong>CAMPUS MULTIDEPORTE <\/strong> que deben de estar el <strong>viernes 1 de julio<\/strong> entre las <strong>09:00 y las 10:00 h<\/strong> en la <strong>pista polideportiva de Monse\u00f1or de Cos<\/strong><\/p>\n\n\n\n<p><strong>CAMPUS URBANO<\/strong><\/p>\n\n\n\n<p>En el siguiente enlace pod\u00e9is descargar toda la informaci\u00f3n necesaria para las familias con ni\u00f1os y ni\u00f1as participantes en el <strong>CAMPUS URBANO DE HERAS Y VALDECILLA.<\/strong><\/p>\n\n\n\n<p><strong>NOTA INFORMATIVA PARA CAMPUS HERAS:<\/strong><\/p>\n\n\n\n<p><em>\u201cEl campus se desarrollar\u00e1 en las antiguas escuelas de Heras, todas las entradas y salidas, seg\u00fan el horario solicitado, se realizar\u00e1n por la puerta  principal.\u201d<\/em><\/p>\n\n\n\n<p><a href=\"http:\/\/mediocudeyo.es\/web\/wp-content\/uploads\/2022\/06\/INFORMACIO\u0301N-PARA-LAS-FAMILIAS-CAMPUS-2022.docx\">DESCARGAR<\/a><\/p>\n","protected":false},"excerpt":{"rendered":"<p>CAMPUS MULTIDEPORTE INFORMAMOS a Todas las familias con ni\u00f1os y ni\u00f1as participantes en el CAMPUS MULTIDEPORTE que deben de estar el viernes 1 de julio entre las 09:00 y las [&hellip;]<\/p>\n","protected":false},"author":4,"featured_media":0,"comment_status":"closed","ping_status":"closed","sticky":false,"template":"","format":"standard","meta":{"footnotes":""},"categories":[38,39,46],"tags":[],"class_list":["post-11995","post","type-post","status-publish","format-standard","hentry","category-deporte","category-educacion","category-igualdad"],"_links":{"self":[{"href":"https:\/\/mediocudeyo.es\/web\/wp-json\/wp\/v2\/posts\/11995"}],"collection":[{"href":"https:\/\/mediocudeyo.es\/web\/wp-json\/wp\/v2\/posts"}],"about":[{"href":"https:\/\/mediocudeyo.es\/web\/wp-json\/wp\/v2\/types\/post"}],"author":[{"embeddable":true,"href":"https:\/\/mediocudeyo.es\/web\/wp-json\/wp\/v2\/users\/4"}],"replies":[{"embeddable":true,"href":"https:\/\/mediocudeyo.es\/web\/wp-json\/wp\/v2\/comments?post=11995"}],"version-history":[{"count":0,"href":"https:\/\/mediocudeyo.es\/web\/wp-json\/wp\/v2\/posts\/11995\/revisions"}],"wp:attachment":[{"href":"https:\/\/mediocudeyo.es\/web\/wp-json\/wp\/v2\/media?parent=11995"}],"wp:term":[{"taxonomy":"category","embeddable":true,"href":"https:\/\/mediocudeyo.es\/web\/wp-json\/wp\/v2\/categories?post=11995"},{"taxonomy":"post_tag","embeddable":true,"href":"https:\/\/mediocudeyo.es\/web\/wp-json\/wp\/v2\/tags?post=11995"}],"curies":[{"name":"wp","href":"https:\/\/api.w.org\/{rel}","templated":true}]}}