{"id":1201,"date":"2017-02-01T08:05:37","date_gmt":"2017-02-01T07:05:37","guid":{"rendered":"http:\/\/mediocudeyo.es\/web\/?p=1201"},"modified":"2017-02-01T08:05:37","modified_gmt":"2017-02-01T07:05:37","slug":"filmoteca-sacristan-delantera-de-gallinero","status":"publish","type":"post","link":"https:\/\/mediocudeyo.es\/web\/filmoteca-sacristan-delantera-de-gallinero\/","title":{"rendered":"FILMOTECA: \u00abSACRIST\u00c1N: DELANTERA DE GALLINERO\u00bb"},"content":{"rendered":"<p><img fetchpriority=\"high\" decoding=\"async\" class=\"alignnone size-full wp-image-1202\" src=\"http:\/\/mediocudeyo.es\/web\/wp-content\/uploads\/2017\/01\/sacristan_delantera_de_gallinero-144513278-large.jpg\" alt=\"sacristan_delantera_de_gallinero-144513278-large\" width=\"580\" height=\"827\" \/>Lunes 6 de febrero, 20:00 h.\u00a0 Centro Cultural Ram\u00f3n Pelayo (Solares). Precio \u00fanico: 2.50\u20ac<\/p>\n<p><!--more--><\/p>\n<ul>\n<li><strong>Dirigida por:<\/strong> PEDRO GONZ\u00c1LEZ BERM\u00daDEZ , 2015<\/li>\n<li><strong>Calificaci\u00f3n:<\/strong> APTA PARA TODOS LOS P\u00daBLICOS<\/li>\n<li><strong>Nacionalidad:<\/strong> ESPA\u00d1OLA<\/li>\n<li><strong>Pa\u00edses participantes:<\/strong><br \/>\nESPA\u00d1A<\/li>\n<li><strong>G\u00e9nero :<\/strong> Documental \/ Documentary \/ Cine \/ Film \/ Biogr\u00e1fica \/ Biographic<\/li>\n<li><strong>Fecha de estreno :<\/strong> 24 de noviembre de 2015<\/li>\n<li><strong>Productora:<\/strong><br \/>\nTURNER BROADCASTING SYSTEM ESPA\u00d1A, S.L. (www.canaltcm.com)<\/li>\n<li><strong>Con la participaci\u00f3n de:<\/strong> FESTIVAL DE M\u00c1LAGA<br \/>\nPICAPORTE S.L.<\/li>\n<li><strong>Int\u00e9rpretes:<\/strong> DOCUMENTAL\/DOCUMENTARY , Con\/With: , JOS\u00c9 SACRIST\u00c1N , AMPARO PASCUAL MOLINA<\/li>\n<\/ul>\n<h4>Sinopsis<\/h4>\n<p>Documental en el que el actor Jos\u00e9 Sacrist\u00e1n recuerda su vida y su obra. Sentado sobre el escenario del Teatro Lope de Vega de Chinch\u00f3n, la localidad madrile\u00f1a en la que naci\u00f3 el 27 de septiembre de 1937, el artista echa la vista atr\u00e1s para contar a los espectadores c\u00f3mo se fue forjando la persona y el int\u00e9rprete que es hoy en d\u00eda. De la mano de Sacrist\u00e1n revivimos las comed\u00edas costumbristas del franquismo, calificadas despectivamente como \u201cespa\u00f1oladas\u201d; la llamada \u201ctercera v\u00eda\u201d, que impuls\u00f3 a comienzos de los setenta el productor Jos\u00e9 Luis Dibildos; el cine de la Transici\u00f3n con t\u00edtulos como\u00bbUn hombre llamado Flor de Oto\u00f1o\u00bb, \u00abAsignatura pendiente\u00bb y \u00abSolos en la madrugada\u00bb, o los a\u00f1os 80, con \u00e9xitos como \u00abLa colmena\u00bb y \u00abEl viaje a ninguna parte\u00bb.<\/p>\n<p><a href=\"https:\/\/www.youtube.com\/watch?v=1ld2sPZqTGI\" data-rel=\"lightbox-video-0\">TRAILER \u00abSACRIST\u00c1N: DELANTERA DE GALLINERO\u00bb<\/a><\/p>\n<p>&nbsp;<\/p>\n","protected":false},"excerpt":{"rendered":"<p>Lunes 6 de febrero, 20:00 h.\u00a0 Centro Cultural Ram\u00f3n Pelayo (Solares). Precio \u00fanico: 2.50\u20ac<\/p>\n","protected":false},"author":4,"featured_media":0,"comment_status":"closed","ping_status":"closed","sticky":false,"template":"","format":"standard","meta":{"footnotes":""},"categories":[59],"tags":[58,116,117],"class_list":["post-1201","post","type-post","status-publish","format-standard","hentry","category-cultura","tag-centro-cultural-ramon-pelayo","tag-cine","tag-filmoteca"],"_links":{"self":[{"href":"https:\/\/mediocudeyo.es\/web\/wp-json\/wp\/v2\/posts\/1201"}],"collection":[{"href":"https:\/\/mediocudeyo.es\/web\/wp-json\/wp\/v2\/posts"}],"about":[{"href":"https:\/\/mediocudeyo.es\/web\/wp-json\/wp\/v2\/types\/post"}],"author":[{"embeddable":true,"href":"https:\/\/mediocudeyo.es\/web\/wp-json\/wp\/v2\/users\/4"}],"replies":[{"embeddable":true,"href":"https:\/\/mediocudeyo.es\/web\/wp-json\/wp\/v2\/comments?post=1201"}],"version-history":[{"count":0,"href":"https:\/\/mediocudeyo.es\/web\/wp-json\/wp\/v2\/posts\/1201\/revisions"}],"wp:attachment":[{"href":"https:\/\/mediocudeyo.es\/web\/wp-json\/wp\/v2\/media?parent=1201"}],"wp:term":[{"taxonomy":"category","embeddable":true,"href":"https:\/\/mediocudeyo.es\/web\/wp-json\/wp\/v2\/categories?post=1201"},{"taxonomy":"post_tag","embeddable":true,"href":"https:\/\/mediocudeyo.es\/web\/wp-json\/wp\/v2\/tags?post=1201"}],"curies":[{"name":"wp","href":"https:\/\/api.w.org\/{rel}","templated":true}]}}