{"id":12126,"date":"2022-08-08T09:29:36","date_gmt":"2022-08-08T08:29:36","guid":{"rendered":"http:\/\/mediocudeyo.es\/web\/?p=12126"},"modified":"2022-08-08T09:29:36","modified_gmt":"2022-08-08T08:29:36","slug":"concurso-de-fotografia-el-retornar-del-indiano","status":"publish","type":"post","link":"https:\/\/mediocudeyo.es\/web\/concurso-de-fotografia-el-retornar-del-indiano\/","title":{"rendered":"CONCURSO DE FOTOGRAF\u00cdA \u00abEL RETORNAR DEL INDIANO\u00bb"},"content":{"rendered":"<p>\u00bfEstuviste en El Retornar del Indiano de este a\u00f1o? \u00bfHiciste fotos? Pues no pierdas la oportunidad de participar en el concurso fotogr\u00e1fico de este evento \u00a1Tienes hasta el domingo 14 de agosto!<\/p>\n<p>No hace falta ser profesional y adem\u00e1s cuentas con una categor\u00eda para fotograf\u00eda con m\u00f3vil. Consuta las <strong>bases y condiciones<\/strong> pinchando <a href=\"http:\/\/mediocudeyo.es\/web\/wp-content\/uploads\/2022\/07\/El-retornar-del-Indiano.-Concurso-fotograf\u00eda-BASES-2022.pdf\"><strong>AQU\u00cd<\/strong><\/a>.<\/p>\n<p><img fetchpriority=\"high\" decoding=\"async\" class=\"alignnone size-large wp-image-12128\" src=\"http:\/\/mediocudeyo.es\/web\/wp-content\/uploads\/2022\/08\/El-retornar-del-Indiano-CONCURSO-foto-jpg-743x1024.jpg\" alt=\"\" width=\"474\" height=\"653\" \/><\/p>\n<p>No te lo pienses y manda tu foto a <em><strong>cultura@mediocudeyo.es<\/strong><\/em><\/p>\n","protected":false},"excerpt":{"rendered":"<p>\u00bfEstuviste en El Retornar del Indiano de este a\u00f1o? \u00bfHiciste fotos? Pues no pierdas la oportunidad de participar en el concurso fotogr\u00e1fico de este evento \u00a1Tienes hasta el domingo 14 [&hellip;]<\/p>\n","protected":false},"author":4,"featured_media":0,"comment_status":"closed","ping_status":"closed","sticky":false,"template":"","format":"standard","meta":{"footnotes":""},"categories":[37],"tags":[104,536,107],"class_list":["post-12126","post","type-post","status-publish","format-standard","hentry","category-centro-cultural","tag-centro-cultural","tag-concuro-de-fotografia","tag-el-retornar-del-indiano"],"_links":{"self":[{"href":"https:\/\/mediocudeyo.es\/web\/wp-json\/wp\/v2\/posts\/12126"}],"collection":[{"href":"https:\/\/mediocudeyo.es\/web\/wp-json\/wp\/v2\/posts"}],"about":[{"href":"https:\/\/mediocudeyo.es\/web\/wp-json\/wp\/v2\/types\/post"}],"author":[{"embeddable":true,"href":"https:\/\/mediocudeyo.es\/web\/wp-json\/wp\/v2\/users\/4"}],"replies":[{"embeddable":true,"href":"https:\/\/mediocudeyo.es\/web\/wp-json\/wp\/v2\/comments?post=12126"}],"version-history":[{"count":0,"href":"https:\/\/mediocudeyo.es\/web\/wp-json\/wp\/v2\/posts\/12126\/revisions"}],"wp:attachment":[{"href":"https:\/\/mediocudeyo.es\/web\/wp-json\/wp\/v2\/media?parent=12126"}],"wp:term":[{"taxonomy":"category","embeddable":true,"href":"https:\/\/mediocudeyo.es\/web\/wp-json\/wp\/v2\/categories?post=12126"},{"taxonomy":"post_tag","embeddable":true,"href":"https:\/\/mediocudeyo.es\/web\/wp-json\/wp\/v2\/tags?post=12126"}],"curies":[{"name":"wp","href":"https:\/\/api.w.org\/{rel}","templated":true}]}}