{"id":12133,"date":"2022-08-12T09:48:59","date_gmt":"2022-08-12T08:48:59","guid":{"rendered":"http:\/\/mediocudeyo.es\/web\/?p=12133"},"modified":"2022-08-12T09:48:59","modified_gmt":"2022-08-12T08:48:59","slug":"servicios-del-centro-cultural-en-festivos","status":"publish","type":"post","link":"https:\/\/mediocudeyo.es\/web\/servicios-del-centro-cultural-en-festivos\/","title":{"rendered":"Servicios del Centro Cultural en festivos"},"content":{"rendered":"<div class=\"kvgmc6g5 cxmmr5t8 oygrvhab hcukyx3x c1et5uql ii04i59q\">\n<div dir=\"auto\">El Centro Cultural Ram\u00f3n Pelayo y todos sus servicios permanecer\u00e1n cerrados los pr\u00f3ximos d\u00edas 15 y 16 de agosto.<\/div>\n<\/div>\n<div dir=\"auto\"><\/div>\n<div dir=\"auto\"><img fetchpriority=\"high\" decoding=\"async\" class=\"alignnone size-large wp-image-12134\" src=\"http:\/\/mediocudeyo.es\/web\/wp-content\/uploads\/2022\/08\/cerrado-15-y-16-agosto-1024x1024.jpg\" alt=\"\" width=\"474\" height=\"474\" \/><\/div>\n<div dir=\"auto\"><\/div>\n<div dir=\"auto\"><\/div>\n<div class=\"cxmmr5t8 oygrvhab hcukyx3x c1et5uql o9v6fnle ii04i59q\">\n<div dir=\"auto\">\u00a1Disfrutad de las fiestas!<\/div>\n<\/div>\n<p>&nbsp;<\/p>\n","protected":false},"excerpt":{"rendered":"<p>El Centro Cultural Ram\u00f3n Pelayo y todos sus servicios permanecer\u00e1n cerrados los pr\u00f3ximos d\u00edas 15 y 16 de agosto. \u00a1Disfrutad de las fiestas! &nbsp;<\/p>\n","protected":false},"author":4,"featured_media":0,"comment_status":"closed","ping_status":"closed","sticky":false,"template":"","format":"standard","meta":{"footnotes":""},"categories":[37],"tags":[104,537,169],"class_list":["post-12133","post","type-post","status-publish","format-standard","hentry","category-centro-cultural","tag-centro-cultural","tag-festivos","tag-fiestas"],"_links":{"self":[{"href":"https:\/\/mediocudeyo.es\/web\/wp-json\/wp\/v2\/posts\/12133"}],"collection":[{"href":"https:\/\/mediocudeyo.es\/web\/wp-json\/wp\/v2\/posts"}],"about":[{"href":"https:\/\/mediocudeyo.es\/web\/wp-json\/wp\/v2\/types\/post"}],"author":[{"embeddable":true,"href":"https:\/\/mediocudeyo.es\/web\/wp-json\/wp\/v2\/users\/4"}],"replies":[{"embeddable":true,"href":"https:\/\/mediocudeyo.es\/web\/wp-json\/wp\/v2\/comments?post=12133"}],"version-history":[{"count":0,"href":"https:\/\/mediocudeyo.es\/web\/wp-json\/wp\/v2\/posts\/12133\/revisions"}],"wp:attachment":[{"href":"https:\/\/mediocudeyo.es\/web\/wp-json\/wp\/v2\/media?parent=12133"}],"wp:term":[{"taxonomy":"category","embeddable":true,"href":"https:\/\/mediocudeyo.es\/web\/wp-json\/wp\/v2\/categories?post=12133"},{"taxonomy":"post_tag","embeddable":true,"href":"https:\/\/mediocudeyo.es\/web\/wp-json\/wp\/v2\/tags?post=12133"}],"curies":[{"name":"wp","href":"https:\/\/api.w.org\/{rel}","templated":true}]}}