{"id":12141,"date":"2022-08-19T12:30:16","date_gmt":"2022-08-19T11:30:16","guid":{"rendered":"http:\/\/mediocudeyo.es\/web\/?p=12141"},"modified":"2022-08-19T12:30:16","modified_gmt":"2022-08-19T11:30:16","slug":"madrugadores-ceip-marques-de-valdecilla-2022-23","status":"publish","type":"post","link":"https:\/\/mediocudeyo.es\/web\/madrugadores-ceip-marques-de-valdecilla-2022-23\/","title":{"rendered":"Madrugadores CEIP Marqu\u00e9s de Valdecilla 2022\/23"},"content":{"rendered":"<p>A partir del <strong>lunes 22 de agosto y hasta el jueves 1 de septiembre,<\/strong>\u00a0 se abre el plazo para la <strong>solicitud del Servicio de Madrugadores<\/strong> en el CEIP Marqu\u00e9s de Valdecilla para el curso 2022\/2023.<\/p>\n<p>Puedes descargar la <strong>solicitud<\/strong> pinchando <strong><a href=\"http:\/\/mediocudeyo.es\/web\/wp-content\/uploads\/2022\/08\/Solicitud-Serv.-Madrugadores-2022_23-1.docx\">AQU\u00cd<\/a><\/strong> . Junto a ese documento habr\u00e1 que presentar un <strong>certificado de empresa<\/strong> que acredite que el padre, madre y\/o tutor trabajan en el horario del servicio. En el caso de aut\u00f3nomos ser\u00e1 necesario una <strong>declaraci\u00f3n responsable<\/strong> firmada.<\/p>\n<p><img fetchpriority=\"high\" decoding=\"async\" class=\"alignnone size-large wp-image-12142\" src=\"http:\/\/mediocudeyo.es\/web\/wp-content\/uploads\/2022\/08\/servicio-de-madrugadores-curso-202223-ceip-marqu\u00e9s-de-valdecilla-724x1024.jpg\" alt=\"\" width=\"474\" height=\"670\" \/><\/p>\n<p>La <strong>lista de admitidos<\/strong> se publicar\u00e1 en esta web el <strong>lunes 5 de septiembre.<\/strong><\/p>\n<p>El <strong>servicio dar\u00e1 comienzo<\/strong>, al igual que el curso escolar, el <strong>jueves 8 de septiembre<\/strong>.<\/p>\n<p>Se deber\u00e1 escoger una de las tres opciones de horario:<\/p>\n<ul>\n<li>Completo (7:45h-9:00h)<\/li>\n<li>Parcial (8:25-9:00h)<\/li>\n<li>Ocasional (m\u00e1ximo 5 d\u00edas al mes de acuerdo a la normativa municipal)<\/li>\n<\/ul>\n<p>La solicitud junto a la documentaci\u00f3n justificativa de padres\/madres se podr\u00e1 presentar f\u00edsicamente en el Centro Cultural Ram\u00f3n Pelayo o a trav\u00e9s del e-mail centrocultural@mediocudeyo.es.<\/p>\n<p>M\u00e1s informaci\u00f3n:\u00a0 942 522 685.<\/p>\n","protected":false},"excerpt":{"rendered":"<p>A partir del lunes 22 de agosto y hasta el jueves 1 de septiembre,\u00a0 se abre el plazo para la solicitud del Servicio de Madrugadores en el CEIP Marqu\u00e9s de [&hellip;]<\/p>\n","protected":false},"author":4,"featured_media":0,"comment_status":"closed","ping_status":"closed","sticky":false,"template":"","format":"standard","meta":{"footnotes":""},"categories":[39],"tags":[109,99,407,410],"class_list":["post-12141","post","type-post","status-publish","format-standard","hentry","category-educacion","tag-conciliacion","tag-educacion","tag-infancia","tag-madrugadores"],"_links":{"self":[{"href":"https:\/\/mediocudeyo.es\/web\/wp-json\/wp\/v2\/posts\/12141"}],"collection":[{"href":"https:\/\/mediocudeyo.es\/web\/wp-json\/wp\/v2\/posts"}],"about":[{"href":"https:\/\/mediocudeyo.es\/web\/wp-json\/wp\/v2\/types\/post"}],"author":[{"embeddable":true,"href":"https:\/\/mediocudeyo.es\/web\/wp-json\/wp\/v2\/users\/4"}],"replies":[{"embeddable":true,"href":"https:\/\/mediocudeyo.es\/web\/wp-json\/wp\/v2\/comments?post=12141"}],"version-history":[{"count":0,"href":"https:\/\/mediocudeyo.es\/web\/wp-json\/wp\/v2\/posts\/12141\/revisions"}],"wp:attachment":[{"href":"https:\/\/mediocudeyo.es\/web\/wp-json\/wp\/v2\/media?parent=12141"}],"wp:term":[{"taxonomy":"category","embeddable":true,"href":"https:\/\/mediocudeyo.es\/web\/wp-json\/wp\/v2\/categories?post=12141"},{"taxonomy":"post_tag","embeddable":true,"href":"https:\/\/mediocudeyo.es\/web\/wp-json\/wp\/v2\/tags?post=12141"}],"curies":[{"name":"wp","href":"https:\/\/api.w.org\/{rel}","templated":true}]}}