{"id":12225,"date":"2022-09-02T12:44:44","date_gmt":"2022-09-02T11:44:44","guid":{"rendered":"http:\/\/mediocudeyo.es\/web\/?p=12225"},"modified":"2022-12-12T13:03:02","modified_gmt":"2022-12-12T13:03:02","slug":"licitacion-para-imparticion-de-talleres","status":"publish","type":"post","link":"https:\/\/mediocudeyo.es\/web\/licitacion-para-imparticion-de-talleres\/","title":{"rendered":"Licitaci\u00f3n para impartici\u00f3n de talleres"},"content":{"rendered":"<p>Se abre el plazo para empreas y personas f\u00edsicas interesadas en participar en la <span id=\"viewns_Z7_AVEQAI930OBRD02JPMTPG21006_:form1:text_ObjetoContrato\" class=\"outputText\" title=\"impartici\u00f3n talleres escuelas culturales: ajedrez y arte y movimiento\">impartici\u00f3n de talleres en las Escuelas Culturales de: <strong>Ajedrez y Arte y movimiento<\/strong>.<\/span><\/p>\n<p>El plazo de presentaci\u00f3n finaliza el <em>19 de septiembre a las 14 horas<\/em>. Los interesados pueden<strong> consultar toda la informaci\u00f3n<\/strong> pinchando <a href=\"http:\/\/Se abre el plazo para empresas y personas f\u00edsicas interesadas en participar en la impartici\u00f3n de talleres en las Escuelas Culturales de: Ajedrez y Arte y movimiento. El plazo de presentaci\u00f3n finaliza el 19 de septiembre a las 14 horas \u27a1\ufe0f http:\/\/mediocudeyo.es\/web\/perfil-del-contratante\/\"><strong>AQU\u00cd <\/strong><\/a>.<\/p>\n","protected":false},"excerpt":{"rendered":"<p>Se abre el plazo para empreas y personas f\u00edsicas interesadas en participar en la impartici\u00f3n de talleres en las Escuelas Culturales de: Ajedrez y Arte y movimiento. El plazo de [&hellip;]<\/p>\n","protected":false},"author":4,"featured_media":17888,"comment_status":"closed","ping_status":"closed","sticky":false,"template":"","format":"standard","meta":{"footnotes":""},"categories":[59],"tags":[106,92,542,543,66],"class_list":["post-12225","post","type-post","status-publish","format-standard","has-post-thumbnail","hentry","category-cultura","tag-concurso","tag-escuelas-culturales","tag-licitacion","tag-perfil-del-contratante","tag-talleres"],"_links":{"self":[{"href":"https:\/\/mediocudeyo.es\/web\/wp-json\/wp\/v2\/posts\/12225"}],"collection":[{"href":"https:\/\/mediocudeyo.es\/web\/wp-json\/wp\/v2\/posts"}],"about":[{"href":"https:\/\/mediocudeyo.es\/web\/wp-json\/wp\/v2\/types\/post"}],"author":[{"embeddable":true,"href":"https:\/\/mediocudeyo.es\/web\/wp-json\/wp\/v2\/users\/4"}],"replies":[{"embeddable":true,"href":"https:\/\/mediocudeyo.es\/web\/wp-json\/wp\/v2\/comments?post=12225"}],"version-history":[{"count":1,"href":"https:\/\/mediocudeyo.es\/web\/wp-json\/wp\/v2\/posts\/12225\/revisions"}],"predecessor-version":[{"id":17889,"href":"https:\/\/mediocudeyo.es\/web\/wp-json\/wp\/v2\/posts\/12225\/revisions\/17889"}],"wp:featuredmedia":[{"embeddable":true,"href":"https:\/\/mediocudeyo.es\/web\/wp-json\/wp\/v2\/media\/17888"}],"wp:attachment":[{"href":"https:\/\/mediocudeyo.es\/web\/wp-json\/wp\/v2\/media?parent=12225"}],"wp:term":[{"taxonomy":"category","embeddable":true,"href":"https:\/\/mediocudeyo.es\/web\/wp-json\/wp\/v2\/categories?post=12225"},{"taxonomy":"post_tag","embeddable":true,"href":"https:\/\/mediocudeyo.es\/web\/wp-json\/wp\/v2\/tags?post=12225"}],"curies":[{"name":"wp","href":"https:\/\/api.w.org\/{rel}","templated":true}]}}