{"id":12233,"date":"2022-09-06T10:44:17","date_gmt":"2022-09-06T09:44:17","guid":{"rendered":"http:\/\/mediocudeyo.es\/web\/?p=12233"},"modified":"2022-09-06T10:44:17","modified_gmt":"2022-09-06T09:44:17","slug":"ultimo-plazo-de-inscripcion-para-escuelas-culturales","status":"publish","type":"post","link":"https:\/\/mediocudeyo.es\/web\/ultimo-plazo-de-inscripcion-para-escuelas-culturales\/","title":{"rendered":"\u00faltimo plazo de inscripci\u00f3n para Escuelas Culturales"},"content":{"rendered":"<p>El \u00faltimo plazo de inscripci\u00f3n para las Escuelas Culturales finalizar\u00e1 el pr\u00f3ximo 14 de septiembre.<\/p>\n<p>Los talleres se desarrollar\u00e1n por las tardes de octubre a junio y hay novedades en talleres infantiles como teatro o Arte y movimiento.<\/p>\n<p>Consulta <strong>toda la informaci\u00f3n<\/strong> sobre plazos, horarios, precios, bajas, etc, en el <strong>folleto de las Escuelas<\/strong> pinchando <em><strong><a href=\"http:\/\/mediocudeyo.es\/web\/wp-content\/uploads\/2022\/06\/folleto-eecc-22_23.pdf\">AQU\u00cd<\/a><\/strong><\/em>.<\/p>\n<p>Descarga la <strong>hoja de inscripci\u00f3n<\/strong> pinchando <strong><em><a href=\"http:\/\/mediocudeyo.es\/web\/wp-content\/uploads\/2022\/06\/inscripci\u00f3n-eecc.pdf\">AQU\u00cd<\/a><\/em><\/strong>.<\/p>\n<p><img fetchpriority=\"high\" decoding=\"async\" class=\"alignnone size-large wp-image-12234\" src=\"http:\/\/mediocudeyo.es\/web\/wp-content\/uploads\/2022\/09\/\u00a1\u00faltimo-plazo-de-inscripci\u00f3n-1024x1024.jpg\" alt=\"\" width=\"474\" height=\"474\" \/><\/p>\n<p>Puedes solicitar <strong>m\u00e1s informaci\u00f3<\/strong>n y enviar toda la documentaci\u00f3n al <strong>C<\/strong><em><strong>e<\/strong><\/em><strong><em>ntro Cultural Ram\u00f3n Pelayo: 942 522 685 \/ centrocultural@mediocudeyo.es<\/em><\/strong><\/p>\n","protected":false},"excerpt":{"rendered":"<p>El \u00faltimo plazo de inscripci\u00f3n para las Escuelas Culturales finalizar\u00e1 el pr\u00f3ximo 14 de septiembre. Los talleres se desarrollar\u00e1n por las tardes de octubre a junio y hay novedades en [&hellip;]<\/p>\n","protected":false},"author":4,"featured_media":0,"comment_status":"closed","ping_status":"closed","sticky":false,"template":"","format":"standard","meta":{"footnotes":""},"categories":[37],"tags":[313,92,407,544,66],"class_list":["post-12233","post","type-post","status-publish","format-standard","hentry","category-centro-cultural","tag-adultos","tag-escuelas-culturales","tag-infancia","tag-juventud-2","tag-talleres"],"_links":{"self":[{"href":"https:\/\/mediocudeyo.es\/web\/wp-json\/wp\/v2\/posts\/12233"}],"collection":[{"href":"https:\/\/mediocudeyo.es\/web\/wp-json\/wp\/v2\/posts"}],"about":[{"href":"https:\/\/mediocudeyo.es\/web\/wp-json\/wp\/v2\/types\/post"}],"author":[{"embeddable":true,"href":"https:\/\/mediocudeyo.es\/web\/wp-json\/wp\/v2\/users\/4"}],"replies":[{"embeddable":true,"href":"https:\/\/mediocudeyo.es\/web\/wp-json\/wp\/v2\/comments?post=12233"}],"version-history":[{"count":0,"href":"https:\/\/mediocudeyo.es\/web\/wp-json\/wp\/v2\/posts\/12233\/revisions"}],"wp:attachment":[{"href":"https:\/\/mediocudeyo.es\/web\/wp-json\/wp\/v2\/media?parent=12233"}],"wp:term":[{"taxonomy":"category","embeddable":true,"href":"https:\/\/mediocudeyo.es\/web\/wp-json\/wp\/v2\/categories?post=12233"},{"taxonomy":"post_tag","embeddable":true,"href":"https:\/\/mediocudeyo.es\/web\/wp-json\/wp\/v2\/tags?post=12233"}],"curies":[{"name":"wp","href":"https:\/\/api.w.org\/{rel}","templated":true}]}}