{"id":1226,"date":"2017-02-04T10:10:58","date_gmt":"2017-02-04T09:10:58","guid":{"rendered":"http:\/\/mediocudeyo.es\/web\/?p=1226"},"modified":"2017-02-04T10:10:58","modified_gmt":"2017-02-04T09:10:58","slug":"concierto-odaiko-y-vanesa-muela","status":"publish","type":"post","link":"https:\/\/mediocudeyo.es\/web\/concierto-odaiko-y-vanesa-muela\/","title":{"rendered":"CONCIERTO: ODAIKO Y VANESA MUELA"},"content":{"rendered":"<p><img fetchpriority=\"high\" decoding=\"async\" class=\"alignnone size-large wp-image-1228\" src=\"http:\/\/mediocudeyo.es\/web\/wp-content\/uploads\/2017\/02\/ODAIKO-Y-VANESA-MUELA-724x1024.jpg\" alt=\"odaiko-y-vanesa-muela\" width=\"474\" height=\"670\" \/><\/p>\n<p>Viernes 17 de febrero, 21:15 h. Centro Cultural Ram\u00f3n Pelayo (Solares). Precio: 3\u20ac<\/p>\n<p><!--more--><\/p>\n<p>La mejor representante del folk ib\u00e9rico y la percusi\u00f3n m\u00e1s vanguardista.\u00a0Nuevo espect\u00e1culo de Odaiko en compa\u00f1\u00eda de Vanesa Muela, artista admirada en la escena musical por su labor de puesta en valor de la m\u00fasica tradicional castellano-leonesa.<\/p>\n<p>La sinergia musical que consiguen los m\u00fasicos de Odaiko y la int\u00e9rprete y percusionista castellana demuestran que, en la m\u00fasica, cuando el sentimento es com\u00fan, el resultado es inmejorable.<\/p>\n<p><strong>Por respeto al resto de espectadores y para no entorpecer el normal desarrollo del espect\u00e1culo, una vez transcurridos <span style=\"text-decoration: underline;\">cinco minutos<\/span> del inicio no se podr\u00e1 acceder a la sala.<\/strong><\/p>\n<p>&nbsp;<\/p>\n<p>&nbsp;<\/p>\n","protected":false},"excerpt":{"rendered":"<p>Viernes 17 de febrero, 21:15 h. Centro Cultural Ram\u00f3n Pelayo (Solares). Precio: 3\u20ac<\/p>\n","protected":false},"author":4,"featured_media":0,"comment_status":"closed","ping_status":"closed","sticky":false,"template":"","format":"standard","meta":{"footnotes":""},"categories":[59],"tags":[58,90,82],"class_list":["post-1226","post","type-post","status-publish","format-standard","hentry","category-cultura","tag-centro-cultural-ramon-pelayo","tag-concierto","tag-fusionarte"],"_links":{"self":[{"href":"https:\/\/mediocudeyo.es\/web\/wp-json\/wp\/v2\/posts\/1226"}],"collection":[{"href":"https:\/\/mediocudeyo.es\/web\/wp-json\/wp\/v2\/posts"}],"about":[{"href":"https:\/\/mediocudeyo.es\/web\/wp-json\/wp\/v2\/types\/post"}],"author":[{"embeddable":true,"href":"https:\/\/mediocudeyo.es\/web\/wp-json\/wp\/v2\/users\/4"}],"replies":[{"embeddable":true,"href":"https:\/\/mediocudeyo.es\/web\/wp-json\/wp\/v2\/comments?post=1226"}],"version-history":[{"count":0,"href":"https:\/\/mediocudeyo.es\/web\/wp-json\/wp\/v2\/posts\/1226\/revisions"}],"wp:attachment":[{"href":"https:\/\/mediocudeyo.es\/web\/wp-json\/wp\/v2\/media?parent=1226"}],"wp:term":[{"taxonomy":"category","embeddable":true,"href":"https:\/\/mediocudeyo.es\/web\/wp-json\/wp\/v2\/categories?post=1226"},{"taxonomy":"post_tag","embeddable":true,"href":"https:\/\/mediocudeyo.es\/web\/wp-json\/wp\/v2\/tags?post=1226"}],"curies":[{"name":"wp","href":"https:\/\/api.w.org\/{rel}","templated":true}]}}