{"id":12273,"date":"2022-09-16T08:16:07","date_gmt":"2022-09-16T07:16:07","guid":{"rendered":"http:\/\/mediocudeyo.es\/web\/?p=12273"},"modified":"2022-09-16T08:16:07","modified_gmt":"2022-09-16T07:16:07","slug":"exposicion-defensa-nacional-la-permanente-adaptacion-de-las-fuerzas-armadas","status":"publish","type":"post","link":"https:\/\/mediocudeyo.es\/web\/exposicion-defensa-nacional-la-permanente-adaptacion-de-las-fuerzas-armadas\/","title":{"rendered":"EXPOSICI\u00d3N: \u201cDEFENSA NACIONAL. LA PERMANENTE ADAPTACI\u00d3N DE LAS FUERZAS ARMADAS\u201d"},"content":{"rendered":"<p>El lunes 19 de septiembre se inaugurar\u00e1 en el Centro Cultural Ram\u00f3n Pelayo la Exposici\u00f3n Itinerante: \u201cDEFENSA NACIONAL. LA PERMANENTE ADAPTACI\u00d3N DE LAS FUERZAS ARMADAS\u201d.<\/p>\n<p><img fetchpriority=\"high\" decoding=\"async\" class=\"alignnone size-large wp-image-12274\" src=\"http:\/\/mediocudeyo.es\/web\/wp-content\/uploads\/2022\/09\/EXPO-DEFENSA-NACIONAL-Cartel-JPG-1024x724.jpg\" alt=\"\" width=\"474\" height=\"335\" \/><\/p>\n<p>El acto ser\u00e1 a la 13 horas y estar\u00e1 abierto a todo el p\u00fablico en general (hasta completar afoto). La exposici\u00f3n,\u00a0 rganizada por la Secretar\u00eda General T\u00e9cnica del Ministerio de Defensa, a trav\u00e9s de la Subdirecci\u00f3n General de Publicaciones y Patrimonio Cultural, podr\u00e1 visitarse de lunes a viernes desde el 19 al 30 de septiembre en el horario de apertura del Centro Cultural.<\/p>\n<div class=\"m8h3af8h l7ghb35v kjdc1dyq kmwttqpk gh25dzvf\">Podr\u00e1n verse un conjunto de treinta y tres im\u00e1genes y seis infograf\u00edas seleccionadas del libro del mismo t\u00edtulo editado por la subdirecci\u00f3n en el a\u00f1o 2014.<\/div>\n<p>&nbsp;<\/p>\n","protected":false},"excerpt":{"rendered":"<p>El lunes 19 de septiembre se inaugurar\u00e1 en el Centro Cultural Ram\u00f3n Pelayo la Exposici\u00f3n Itinerante: \u201cDEFENSA NACIONAL. LA PERMANENTE ADAPTACI\u00d3N DE LAS FUERZAS ARMADAS\u201d. El acto ser\u00e1 a la [&hellip;]<\/p>\n","protected":false},"author":4,"featured_media":0,"comment_status":"closed","ping_status":"closed","sticky":false,"template":"","format":"standard","meta":{"footnotes":""},"categories":[37],"tags":[104,87,545],"class_list":["post-12273","post","type-post","status-publish","format-standard","hentry","category-centro-cultural","tag-centro-cultural","tag-exposicion","tag-fuerzas-armadas"],"_links":{"self":[{"href":"https:\/\/mediocudeyo.es\/web\/wp-json\/wp\/v2\/posts\/12273"}],"collection":[{"href":"https:\/\/mediocudeyo.es\/web\/wp-json\/wp\/v2\/posts"}],"about":[{"href":"https:\/\/mediocudeyo.es\/web\/wp-json\/wp\/v2\/types\/post"}],"author":[{"embeddable":true,"href":"https:\/\/mediocudeyo.es\/web\/wp-json\/wp\/v2\/users\/4"}],"replies":[{"embeddable":true,"href":"https:\/\/mediocudeyo.es\/web\/wp-json\/wp\/v2\/comments?post=12273"}],"version-history":[{"count":0,"href":"https:\/\/mediocudeyo.es\/web\/wp-json\/wp\/v2\/posts\/12273\/revisions"}],"wp:attachment":[{"href":"https:\/\/mediocudeyo.es\/web\/wp-json\/wp\/v2\/media?parent=12273"}],"wp:term":[{"taxonomy":"category","embeddable":true,"href":"https:\/\/mediocudeyo.es\/web\/wp-json\/wp\/v2\/categories?post=12273"},{"taxonomy":"post_tag","embeddable":true,"href":"https:\/\/mediocudeyo.es\/web\/wp-json\/wp\/v2\/tags?post=12273"}],"curies":[{"name":"wp","href":"https:\/\/api.w.org\/{rel}","templated":true}]}}