{"id":12302,"date":"2022-09-22T18:23:46","date_gmt":"2022-09-22T17:23:46","guid":{"rendered":"http:\/\/mediocudeyo.es\/web\/?p=12302"},"modified":"2022-09-22T18:23:46","modified_gmt":"2022-09-22T17:23:46","slug":"vuelve-la-tarjeta-amigos-del-centro","status":"publish","type":"post","link":"https:\/\/mediocudeyo.es\/web\/vuelve-la-tarjeta-amigos-del-centro\/","title":{"rendered":"Vuelve la tarjeta \u00abAmigos del Centro\u00bb"},"content":{"rendered":"<p>Vuelve la tarjeta \u00abAmigos del Centro\u00bb con la que obtener ventajas en la cultura de Medio Cudeyo:<\/p>\n<ul>\n<li>Informaci\u00f3n puntual al correo electr\u00f3nico de todos los eventos.<\/li>\n<li>Descuentos en todas las actividades, talleres y cursos, tanto en el centro como en el resto de locales municipales: 10%.<\/li>\n<li>Encuentros VIP con las personalidades de la cultura que nos visiten.<\/li>\n<li>Obtenci\u00f3n de un \u201cpasaporte cultural\u201d con el que podr\u00e1s acumular puntosy llevarte entradas gratis.<\/li>\n<li>Entrada gratuita en el museo Marqu\u00e9s de Valdecilla.<\/li>\n<li>Posibilidad de reserva de butacas en primera fila hasta 5\u2019 antes de la hora del inicio de los eventos.<\/li>\n<\/ul>\n<p>Descarga la solicitud pinchando\u00a0 <strong><a href=\"http:\/\/mediocudeyo.es\/web\/wp-content\/uploads\/2022\/09\/solicitud-Tarjeta-amigo.pdf\">AQU\u00cd<\/a>.<\/strong><\/p>\n<p>&nbsp;<\/p>\n<p><strong>M\u00e1s informaci\u00f3n y entrega de documentaci\u00f3n:\u00a0<\/strong><em><span class=\"css-901oao css-16my406 r-poiln3 r-bcqeeo r-qvutc0\"> Centro Cultural Ram\u00f3n Pelayo: 942 522 685 \/ centrocultural@mediocudeyo.es<\/span><\/em><\/p>\n","protected":false},"excerpt":{"rendered":"<p>Vuelve la tarjeta \u00abAmigos del Centro\u00bb con la que obtener ventajas en la cultura de Medio Cudeyo: Informaci\u00f3n puntual al correo electr\u00f3nico de todos los eventos. Descuentos en todas las [&hellip;]<\/p>\n","protected":false},"author":4,"featured_media":0,"comment_status":"closed","ping_status":"closed","sticky":false,"template":"","format":"standard","meta":{"footnotes":""},"categories":[37],"tags":[104,238,549],"class_list":["post-12302","post","type-post","status-publish","format-standard","hentry","category-centro-cultural","tag-centro-cultural","tag-cultura","tag-tarjeta-amigo"],"_links":{"self":[{"href":"https:\/\/mediocudeyo.es\/web\/wp-json\/wp\/v2\/posts\/12302"}],"collection":[{"href":"https:\/\/mediocudeyo.es\/web\/wp-json\/wp\/v2\/posts"}],"about":[{"href":"https:\/\/mediocudeyo.es\/web\/wp-json\/wp\/v2\/types\/post"}],"author":[{"embeddable":true,"href":"https:\/\/mediocudeyo.es\/web\/wp-json\/wp\/v2\/users\/4"}],"replies":[{"embeddable":true,"href":"https:\/\/mediocudeyo.es\/web\/wp-json\/wp\/v2\/comments?post=12302"}],"version-history":[{"count":0,"href":"https:\/\/mediocudeyo.es\/web\/wp-json\/wp\/v2\/posts\/12302\/revisions"}],"wp:attachment":[{"href":"https:\/\/mediocudeyo.es\/web\/wp-json\/wp\/v2\/media?parent=12302"}],"wp:term":[{"taxonomy":"category","embeddable":true,"href":"https:\/\/mediocudeyo.es\/web\/wp-json\/wp\/v2\/categories?post=12302"},{"taxonomy":"post_tag","embeddable":true,"href":"https:\/\/mediocudeyo.es\/web\/wp-json\/wp\/v2\/tags?post=12302"}],"curies":[{"name":"wp","href":"https:\/\/api.w.org\/{rel}","templated":true}]}}