{"id":12427,"date":"2022-10-15T10:54:33","date_gmt":"2022-10-15T09:54:33","guid":{"rendered":"http:\/\/mediocudeyo.es\/web\/?p=12427"},"modified":"2022-10-15T10:54:33","modified_gmt":"2022-10-15T09:54:33","slug":"paisajes-para-una-exposicion","status":"publish","type":"post","link":"https:\/\/mediocudeyo.es\/web\/paisajes-para-una-exposicion\/","title":{"rendered":"\u00abPaisajes para una Exposici\u00f3n\u00bb"},"content":{"rendered":"<p>El Centro Cultural Ram\u00f3n Pelayo acoger\u00e1 desde el 17 al 31 de octubre la expo: \u00abPaisajes para una exposici\u00f3n\u00bb.<\/p>\n<p class=\"v1MsoNormal\">Manuel Villanueva Revuelta es un\u00a0 pintor que aprendi\u00f3\u00a0 los rudimentos de la acuarela de su buen amigo, Miguel Ga\u00f1\u00e1n, (c\u00e1ntabro afincado en Badajoz).<\/p>\n<div>\n<p class=\"v1MsoNormal\">A\u00f1os despu\u00e9s, sus ense\u00f1anzas han fructificado en esta serie de cuadros, la mayor\u00eda paisajes. Los temas surgen al ir paseando, armado de una peque\u00f1a c\u00e1mara, guardando aqu\u00ed y all\u00e1 los motivos m\u00e1s pintorescos que el autor encuentra en su camino. Por eso predominan los paisajes de Cantabria, con alguna peque\u00f1a referencia tambi\u00e9n a Castilla o Pa\u00eds Vasco.<\/p>\n<\/div>\n<p><img fetchpriority=\"high\" decoding=\"async\" class=\"alignnone size-large wp-image-12428\" src=\"http:\/\/mediocudeyo.es\/web\/wp-content\/uploads\/2022\/10\/EXPO-Paisajes-para-una-exposici\u00f3n-CARTEL-JPG-724x1024.jpg\" alt=\"\" width=\"474\" height=\"670\" \/><\/p>\n","protected":false},"excerpt":{"rendered":"<p>El Centro Cultural Ram\u00f3n Pelayo acoger\u00e1 desde el 17 al 31 de octubre la expo: \u00abPaisajes para una exposici\u00f3n\u00bb. Manuel Villanueva Revuelta es un\u00a0 pintor que aprendi\u00f3\u00a0 los rudimentos de [&hellip;]<\/p>\n","protected":false},"author":4,"featured_media":0,"comment_status":"closed","ping_status":"closed","sticky":false,"template":"","format":"standard","meta":{"footnotes":""},"categories":[37],"tags":[578,104,87,126],"class_list":["post-12427","post","type-post","status-publish","format-standard","hentry","category-centro-cultural","tag-acuarela","tag-centro-cultural","tag-exposicion","tag-pintura"],"_links":{"self":[{"href":"https:\/\/mediocudeyo.es\/web\/wp-json\/wp\/v2\/posts\/12427"}],"collection":[{"href":"https:\/\/mediocudeyo.es\/web\/wp-json\/wp\/v2\/posts"}],"about":[{"href":"https:\/\/mediocudeyo.es\/web\/wp-json\/wp\/v2\/types\/post"}],"author":[{"embeddable":true,"href":"https:\/\/mediocudeyo.es\/web\/wp-json\/wp\/v2\/users\/4"}],"replies":[{"embeddable":true,"href":"https:\/\/mediocudeyo.es\/web\/wp-json\/wp\/v2\/comments?post=12427"}],"version-history":[{"count":0,"href":"https:\/\/mediocudeyo.es\/web\/wp-json\/wp\/v2\/posts\/12427\/revisions"}],"wp:attachment":[{"href":"https:\/\/mediocudeyo.es\/web\/wp-json\/wp\/v2\/media?parent=12427"}],"wp:term":[{"taxonomy":"category","embeddable":true,"href":"https:\/\/mediocudeyo.es\/web\/wp-json\/wp\/v2\/categories?post=12427"},{"taxonomy":"post_tag","embeddable":true,"href":"https:\/\/mediocudeyo.es\/web\/wp-json\/wp\/v2\/tags?post=12427"}],"curies":[{"name":"wp","href":"https:\/\/api.w.org\/{rel}","templated":true}]}}