{"id":12482,"date":"2022-10-25T18:52:29","date_gmt":"2022-10-25T17:52:29","guid":{"rendered":"http:\/\/mediocudeyo.es\/web\/?p=12482"},"modified":"2022-10-25T18:52:29","modified_gmt":"2022-10-25T17:52:29","slug":"admitids-en-el-campus-urbano-de-otono","status":"publish","type":"post","link":"https:\/\/mediocudeyo.es\/web\/admitids-en-el-campus-urbano-de-otono\/","title":{"rendered":"ADMITID@S en el campus urbano de oto\u00f1o"},"content":{"rendered":"<p>Las solicitudes admitidas para el Campus Urbano de la Semana de Oto\u00f1o <strong>han sido avisadas a trav\u00e9s de los correos electr\u00f3nicos <\/strong>de referencia que nos han aportado.<\/p>\n<p><strong><u>IMPORTANTE<\/u><\/strong>: <strong>La actividad de los participantes de 5\u00ba y 6\u00ba de primaria y 1\u00ba de la ESO se desarrollar\u00e1 en el Centro Cultural Ram\u00f3n Pelayo.<\/strong><\/p>\n<p>Dado que la actividad es gratuita no tienen que presentar ninguna otra documentaci\u00f3n. S\u00ed que agradecemos que en caso de no hacer uso del servicio nos avisen para una mejor organizaci\u00f3n de la actividad.<\/p>\n<p>A lo largo de <strong>esta semana recibir\u00e1n un nuevo correo electr\u00f3nico con una carta informativa<\/strong> con \u00a0todo lo necesario para la semana.<\/p>\n","protected":false},"excerpt":{"rendered":"<p>Las solicitudes admitidas para el Campus Urbano de la Semana de Oto\u00f1o han sido avisadas a trav\u00e9s de los correos electr\u00f3nicos de referencia que nos han aportado. IMPORTANTE: La actividad [&hellip;]<\/p>\n","protected":false},"author":4,"featured_media":0,"comment_status":"closed","ping_status":"closed","sticky":false,"template":"","format":"standard","meta":{"footnotes":""},"categories":[37,55],"tags":[531,501,101,442],"class_list":["post-12482","post","type-post","status-publish","format-standard","hentry","category-centro-cultural","category-servicios-sociales","tag-campus-urbano","tag-corresponsables","tag-semana-de-otono","tag-semana-no-lectiva"],"_links":{"self":[{"href":"https:\/\/mediocudeyo.es\/web\/wp-json\/wp\/v2\/posts\/12482"}],"collection":[{"href":"https:\/\/mediocudeyo.es\/web\/wp-json\/wp\/v2\/posts"}],"about":[{"href":"https:\/\/mediocudeyo.es\/web\/wp-json\/wp\/v2\/types\/post"}],"author":[{"embeddable":true,"href":"https:\/\/mediocudeyo.es\/web\/wp-json\/wp\/v2\/users\/4"}],"replies":[{"embeddable":true,"href":"https:\/\/mediocudeyo.es\/web\/wp-json\/wp\/v2\/comments?post=12482"}],"version-history":[{"count":0,"href":"https:\/\/mediocudeyo.es\/web\/wp-json\/wp\/v2\/posts\/12482\/revisions"}],"wp:attachment":[{"href":"https:\/\/mediocudeyo.es\/web\/wp-json\/wp\/v2\/media?parent=12482"}],"wp:term":[{"taxonomy":"category","embeddable":true,"href":"https:\/\/mediocudeyo.es\/web\/wp-json\/wp\/v2\/categories?post=12482"},{"taxonomy":"post_tag","embeddable":true,"href":"https:\/\/mediocudeyo.es\/web\/wp-json\/wp\/v2\/tags?post=12482"}],"curies":[{"name":"wp","href":"https:\/\/api.w.org\/{rel}","templated":true}]}}