{"id":12563,"date":"2022-11-15T09:20:23","date_gmt":"2022-11-15T08:20:23","guid":{"rendered":"http:\/\/mediocudeyo.es\/web\/?p=12563"},"modified":"2022-11-15T09:20:23","modified_gmt":"2022-11-15T08:20:23","slug":"fusionarte-el-viaje-de-alicia-teatro-en-familia","status":"publish","type":"post","link":"https:\/\/mediocudeyo.es\/web\/fusionarte-el-viaje-de-alicia-teatro-en-familia\/","title":{"rendered":"FusionARTE: \u00abEl viaje de Alicia\u00bb (teatro en familia)"},"content":{"rendered":"<div class=\"xdj266r x11i5rnm xat24cr x1mh8g0r x1vvkbs x126k92a\">\n<div dir=\"auto\">En un mundo de loc@s&#8230; \u00bfQu\u00e9 podr\u00eda salir mal? \u00abEl viaje de Alicia\u00bb de <a class=\"x1i10hfl xjbqb8w x6umtig x1b1mbwd xaqea5y xav7gou x9f619 x1ypdohk xt0psk2 xe8uvvx xdj266r x11i5rnm xat24cr x1mh8g0r xexx8yu x4uap5 x18d9i69 xkhd6sd x16tdsg8 x1hl2dhg xggy1nq x1a2a7pz xt0b8zv x1fey0fg\" tabindex=\"0\" role=\"link\" href=\"https:\/\/www.facebook.com\/profile.php?id=100040874626747&amp;__cft__[0]=AZUXGTLrKZG4P32kANXX-Ff985aRdmEz2W5QRaiu-84zKBdsNlUAEjpTXmpUyKaJPwnJsqq3wcTiuhyquR880FI-NmlF1gf1rXmlyRmJ9zONeDotfAM7mih3GlKh5p_NAqk&amp;__tn__=-]K-R\" target=\"_blank\" rel=\"noopener noreferrer\"><strong><span class=\"xt0psk2\">Compa\u00f1\u00eda Amalgama Teatral<\/span><\/strong><\/a> nos llevar\u00e1 al mundo de Alicia en el Pa\u00eds de las Maravillas, pero&#8230; un poco distinto a c\u00f3mo lo conocemos y sobre todo, con mucho, mucho, humor.<\/div>\n<\/div>\n<div dir=\"auto\"><\/div>\n<div dir=\"auto\">\n<p><iframe title=\"EL VIAJE DE ALICIA - Amalgama Teatral\" width=\"500\" height=\"281\" src=\"https:\/\/www.youtube.com\/embed\/ADWWur2IdIo?feature=oembed\" frameborder=\"0\" allow=\"accelerometer; autoplay; clipboard-write; encrypted-media; gyroscope; picture-in-picture; web-share\" referrerpolicy=\"strict-origin-when-cross-origin\" allowfullscreen><\/iframe><\/p>\n<\/div>\n<div dir=\"auto\"><\/div>\n<div class=\"x11i5rnm xat24cr x1mh8g0r x1vvkbs xtlvy1s x126k92a\">\n<div dir=\"auto\"><span class=\"x3nfvp2 x1j61x8r x1fcty0u xdj266r xhhsvwb xat24cr xgzva0m xxymvpz xlup9mm x1kky2od\"><img decoding=\"async\" src=\"https:\/\/static.xx.fbcdn.net\/images\/emoji.php\/v9\/tac\/1\/16\/2665.png\" alt=\"\u2665\ufe0f\" width=\"16\" height=\"16\" \/><\/span>Domingo 20 de noviembre. Teatro para tod@s con \u00abEl viaje de Alicia\u00bb de Compa\u00f1\u00eda Amalgama Teatral. 12:00 h. Entradas: 1\u20ac (recomendada a partir de 3 a\u00f1os).<\/div>\n<div dir=\"auto\"><\/div>\n<\/div>\n<div dir=\"auto\"><img fetchpriority=\"high\" decoding=\"async\" class=\"size-large wp-image-12564 alignnone\" src=\"http:\/\/mediocudeyo.es\/web\/wp-content\/uploads\/2022\/11\/FusionARTE.-20-nov-CARTEL-JPG-724x1024.jpg\" alt=\"\" width=\"474\" height=\"670\" \/><\/div>\n<p>&nbsp;<\/p>\n<div class=\"x11i5rnm xat24cr x1mh8g0r x1vvkbs xtlvy1s x126k92a\">\n<div dir=\"auto\"><span class=\"x3nfvp2 x1j61x8r x1fcty0u xdj266r xhhsvwb xat24cr xgzva0m xxymvpz xlup9mm x1kky2od\"><img decoding=\"async\" src=\"https:\/\/static.xx.fbcdn.net\/images\/emoji.php\/v9\/t8e\/1\/16\/2139.png\" alt=\"\u2139\ufe0f\" width=\"16\" height=\"16\" \/><\/span> <em><strong>M\u00e1s informaci\u00f3n, reserva y venta de entradas (1\u20ac)<\/strong><\/em>:<\/div>\n<div dir=\"auto\"><span class=\"x3nfvp2 x1j61x8r x1fcty0u xdj266r xhhsvwb xat24cr xgzva0m xxymvpz xlup9mm x1kky2od\"><img loading=\"lazy\" decoding=\"async\" src=\"https:\/\/static.xx.fbcdn.net\/images\/emoji.php\/v9\/t28\/1\/16\/1f3eb.png\" alt=\"\" width=\"16\" height=\"16\" \/><\/span> Centro Cultural Ram\u00f3n Pelayo.942 522 685 \/ centrocultural@mediocudeyo.es<\/div>\n<\/div>\n","protected":false},"excerpt":{"rendered":"<p>En un mundo de loc@s&#8230; \u00bfQu\u00e9 podr\u00eda salir mal? \u00abEl viaje de Alicia\u00bb de Compa\u00f1\u00eda Amalgama Teatral nos llevar\u00e1 al mundo de Alicia en el Pa\u00eds de las Maravillas, pero&#8230; [&hellip;]<\/p>\n","protected":false},"author":4,"featured_media":0,"comment_status":"closed","ping_status":"closed","sticky":false,"template":"","format":"standard","meta":{"footnotes":""},"categories":[37],"tags":[104,82,407,83,597],"class_list":["post-12563","post","type-post","status-publish","format-standard","hentry","category-centro-cultural","tag-centro-cultural","tag-fusionarte","tag-infancia","tag-teatro","tag-teatro-en-familia"],"_links":{"self":[{"href":"https:\/\/mediocudeyo.es\/web\/wp-json\/wp\/v2\/posts\/12563"}],"collection":[{"href":"https:\/\/mediocudeyo.es\/web\/wp-json\/wp\/v2\/posts"}],"about":[{"href":"https:\/\/mediocudeyo.es\/web\/wp-json\/wp\/v2\/types\/post"}],"author":[{"embeddable":true,"href":"https:\/\/mediocudeyo.es\/web\/wp-json\/wp\/v2\/users\/4"}],"replies":[{"embeddable":true,"href":"https:\/\/mediocudeyo.es\/web\/wp-json\/wp\/v2\/comments?post=12563"}],"version-history":[{"count":0,"href":"https:\/\/mediocudeyo.es\/web\/wp-json\/wp\/v2\/posts\/12563\/revisions"}],"wp:attachment":[{"href":"https:\/\/mediocudeyo.es\/web\/wp-json\/wp\/v2\/media?parent=12563"}],"wp:term":[{"taxonomy":"category","embeddable":true,"href":"https:\/\/mediocudeyo.es\/web\/wp-json\/wp\/v2\/categories?post=12563"},{"taxonomy":"post_tag","embeddable":true,"href":"https:\/\/mediocudeyo.es\/web\/wp-json\/wp\/v2\/tags?post=12563"}],"curies":[{"name":"wp","href":"https:\/\/api.w.org\/{rel}","templated":true}]}}