{"id":12567,"date":"2022-11-14T15:33:29","date_gmt":"2022-11-14T14:33:29","guid":{"rendered":"http:\/\/mediocudeyo.es\/web\/?p=12567"},"modified":"2022-11-14T15:33:29","modified_gmt":"2022-11-14T14:33:29","slug":"taller-nacer-morir-amar-cuidar","status":"publish","type":"post","link":"https:\/\/mediocudeyo.es\/web\/taller-nacer-morir-amar-cuidar\/","title":{"rendered":"Taller \u00abNacer\u00bb"},"content":{"rendered":"<p>Manuela Contreras, matrona en el Hospital Universitario Marqu\u00e9s de Valdecilla, nos trae un interesante taller para ni\u00f1os y ni\u00f1as.<\/p>\n<p><em><strong>\u00abNacer,\u00bb\u00a0<\/strong> <\/em>explica a ni\u00f1@s de <strong>6 a 12 a\u00f1o<\/strong>s c\u00f3mo se desarrolla y cuida a un beb\u00e9 dentro del \u00fatero, el cuidado de la mam\u00e1 gestante, el parto, los cuidados del reci\u00e9n nacido, y tambi\u00e9n habla sobre la muerte como parte de la vida. Todo con materiales y metodolog\u00eda adaptada a la edad de los ni\u00f1os.<\/p>\n<p>El taller se llevar\u00e1 a cabo en el Centro Cultural Ram\u00f3n Pelayo el pr\u00f3ximo <strong>s\u00e1bado 26 de noviembre<\/strong> de 11:30 a 13 horas. L@s menores deber\u00e1n ir acompa\u00f1ados de un adulto.<\/p>\n<p><strong>Imprescindible inscripci\u00f3n<\/strong>. Plazas limitadas (un adulto por unidad familiar): 942 522 685 \/ centrocultural@mediocudeyo.es<\/p>\n<p><img fetchpriority=\"high\" decoding=\"async\" class=\"alignnone size-large wp-image-12584\" src=\"http:\/\/mediocudeyo.es\/web\/wp-content\/uploads\/2022\/11\/Taller-NACER.-CARTEL-JPG-1-724x1024.jpg\" alt=\"\" width=\"474\" height=\"670\" \/><\/p>\n","protected":false},"excerpt":{"rendered":"<p>Manuela Contreras, matrona en el Hospital Universitario Marqu\u00e9s de Valdecilla, nos trae un interesante taller para ni\u00f1os y ni\u00f1as. \u00abNacer,\u00bb\u00a0 explica a ni\u00f1@s de 6 a 12 a\u00f1os c\u00f3mo se [&hellip;]<\/p>\n","protected":false},"author":4,"featured_media":0,"comment_status":"closed","ping_status":"closed","sticky":false,"template":"","format":"standard","meta":{"footnotes":""},"categories":[37],"tags":[104,407,66],"class_list":["post-12567","post","type-post","status-publish","format-standard","hentry","category-centro-cultural","tag-centro-cultural","tag-infancia","tag-talleres"],"_links":{"self":[{"href":"https:\/\/mediocudeyo.es\/web\/wp-json\/wp\/v2\/posts\/12567"}],"collection":[{"href":"https:\/\/mediocudeyo.es\/web\/wp-json\/wp\/v2\/posts"}],"about":[{"href":"https:\/\/mediocudeyo.es\/web\/wp-json\/wp\/v2\/types\/post"}],"author":[{"embeddable":true,"href":"https:\/\/mediocudeyo.es\/web\/wp-json\/wp\/v2\/users\/4"}],"replies":[{"embeddable":true,"href":"https:\/\/mediocudeyo.es\/web\/wp-json\/wp\/v2\/comments?post=12567"}],"version-history":[{"count":0,"href":"https:\/\/mediocudeyo.es\/web\/wp-json\/wp\/v2\/posts\/12567\/revisions"}],"wp:attachment":[{"href":"https:\/\/mediocudeyo.es\/web\/wp-json\/wp\/v2\/media?parent=12567"}],"wp:term":[{"taxonomy":"category","embeddable":true,"href":"https:\/\/mediocudeyo.es\/web\/wp-json\/wp\/v2\/categories?post=12567"},{"taxonomy":"post_tag","embeddable":true,"href":"https:\/\/mediocudeyo.es\/web\/wp-json\/wp\/v2\/tags?post=12567"}],"curies":[{"name":"wp","href":"https:\/\/api.w.org\/{rel}","templated":true}]}}