{"id":1257,"date":"2017-10-24T08:17:57","date_gmt":"2017-10-24T07:17:57","guid":{"rendered":"http:\/\/mediocudeyo.es\/web\/?p=1257"},"modified":"2017-10-24T08:17:57","modified_gmt":"2017-10-24T07:17:57","slug":"filmoteca-vientos-de-la-habana","status":"publish","type":"post","link":"https:\/\/mediocudeyo.es\/web\/filmoteca-vientos-de-la-habana\/","title":{"rendered":"FILMOTECA: Vientos de la Habana"},"content":{"rendered":"<p><img fetchpriority=\"high\" decoding=\"async\" class=\"alignnone size-large wp-image-1258\" src=\"http:\/\/mediocudeyo.es\/web\/wp-content\/uploads\/2017\/02\/vientos_de_la_habana-441200477-large-719x1024.jpg\" alt=\"vientos_de_la_habana-441200477-large\" width=\"474\" height=\"675\" \/>Lunes 30 de octubre, 20:00 h.\u00a0 Centro Cultural Ram\u00f3n Pelayo (Solares). Precio \u00fanico: 2.50\u20ac<\/p>\n<p><!--more--><\/p>\n<ul>\n<li><strong>Dirigida por:<\/strong> F\u00c9LIX VISCARRET , 2015<\/li>\n<li><strong>Calificaci\u00f3n:<\/strong> NO RECOMENDADA PARA MENORES DE DIECIS\u00c9IS A\u00d1OS<\/li>\n<li><strong>Nacionalidad:<\/strong> ESPA\u00d1OLA<\/li>\n<li><strong>Pa\u00edses participantes:<\/strong><br \/>\nCUBA (20.00 %)<br \/>\nESPA\u00d1A (80.00 %)<\/li>\n<li><strong>G\u00e9nero :<\/strong> Thriller \/ Habana noir<\/li>\n<li><strong>Fecha de estreno :<\/strong> 27 de septiembre de 2016<\/li>\n<li><strong>Int\u00e9rpretes:<\/strong> JORGE PERRUGORR\u00cdA (Teniente Mario Conde) , Karina , Sargento Manuel Palacios , Candito \u00abEl Rojo\u00bb , Carlos \u00abEl Flaco\u00bb , Mayor Rangel , Fabricio , Lissete , Andr\u00e9s , Conejo , L\u00e1zaro<\/li>\n<\/ul>\n<h4>Sinopsis<\/h4>\n<p>Mientras los c\u00e1lidos vientos azotan las noches de La Habana, el inspector de polic\u00eda Conde conoce a Karina, una enigm\u00e1tica mujer por la cual se siente profundamente atra\u00eddo. Al mismo tiempo asignan a un polic\u00eda tan poco ortodoxo como \u00e9l la investigaci\u00f3n del asesinato de Lissette N\u00fa\u00f1ez, profesora del mismo instituto preuniversitario donde el propio Conde estudi\u00f3. Conforme comienza una intensa relaci\u00f3n con Karina, Conde va construyendo un retrato de la vida oculta de Lissette que le permita dar con el asesino y descubrir que el escenario de sus antiguos recuerdos de estudiante ha cambiado demasiado, como ha cambiado la indescifrable y contradictoria ciudad de La Habana.<\/p>\n<p><a href=\"https:\/\/www.youtube.com\/watch?v=gMmR_3m-aL4\" data-rel=\"lightbox-video-0\">TRAILER \u00abVIENTOS DE LA HABANA\u00bb<\/a><\/p>\n","protected":false},"excerpt":{"rendered":"<p>Lunes 30 de octubre, 20:00 h.\u00a0 Centro Cultural Ram\u00f3n Pelayo (Solares). Precio \u00fanico: 2.50\u20ac<\/p>\n","protected":false},"author":4,"featured_media":0,"comment_status":"closed","ping_status":"closed","sticky":false,"template":"","format":"standard","meta":{"footnotes":""},"categories":[59],"tags":[58,116,117],"class_list":["post-1257","post","type-post","status-publish","format-standard","hentry","category-cultura","tag-centro-cultural-ramon-pelayo","tag-cine","tag-filmoteca"],"_links":{"self":[{"href":"https:\/\/mediocudeyo.es\/web\/wp-json\/wp\/v2\/posts\/1257"}],"collection":[{"href":"https:\/\/mediocudeyo.es\/web\/wp-json\/wp\/v2\/posts"}],"about":[{"href":"https:\/\/mediocudeyo.es\/web\/wp-json\/wp\/v2\/types\/post"}],"author":[{"embeddable":true,"href":"https:\/\/mediocudeyo.es\/web\/wp-json\/wp\/v2\/users\/4"}],"replies":[{"embeddable":true,"href":"https:\/\/mediocudeyo.es\/web\/wp-json\/wp\/v2\/comments?post=1257"}],"version-history":[{"count":0,"href":"https:\/\/mediocudeyo.es\/web\/wp-json\/wp\/v2\/posts\/1257\/revisions"}],"wp:attachment":[{"href":"https:\/\/mediocudeyo.es\/web\/wp-json\/wp\/v2\/media?parent=1257"}],"wp:term":[{"taxonomy":"category","embeddable":true,"href":"https:\/\/mediocudeyo.es\/web\/wp-json\/wp\/v2\/categories?post=1257"},{"taxonomy":"post_tag","embeddable":true,"href":"https:\/\/mediocudeyo.es\/web\/wp-json\/wp\/v2\/tags?post=1257"}],"curies":[{"name":"wp","href":"https:\/\/api.w.org\/{rel}","templated":true}]}}